{"id":10855,"date":"2023-09-12T10:00:00","date_gmt":"2023-09-12T13:00:00","guid":{"rendered":"https:\/\/www.tailgatezone.com.br\/?p=10855"},"modified":"2023-09-13T16:27:52","modified_gmt":"2023-09-13T19:27:52","slug":"selecao-brasileira-de-beisebol-e-convocada-para-o-pan-de-santiago-2023","status":"publish","type":"post","link":"https:\/\/www.tailgatezone.com.br\/en\/tailgate\/nosso-beisebol\/selecao-brasileira-de-beisebol-e-convocada-para-o-pan-de-santiago-2023\/","title":{"rendered":"Sele\u00e7\u00e3o Brasileira de Beisebol \u00e9 convocada para o Pan de Santiago 2023"},"content":{"rendered":"<p>A segunda-feira, 11\/9, foi o dia de conhecermos os 24 jogadores que v\u00e3o disputar o torneio de beisebol do Pan de Santiago 2023 pela Sele\u00e7\u00e3o Brasileira. A Comiss\u00e3o T\u00e9cnica, formada por Ramon Ito (<em>manager<\/em>); Thiago Caldeira (t\u00e9cnico de arremessadores); Tiago Magalh\u00e3es (t\u00e9cnico de rebatedores); e M\u00e1rcio Irikura (chefe de delega\u00e7\u00e3o), divulgou a rela\u00e7\u00e3o de convocados.<\/p>\n\n\n\n<p>A lista conta com atletas que atuam no Brasil e tamb\u00e9m no exterior. Al\u00e9m disso, \u00e9 uma \u00f3tima mescla entre jogadores experientes e jovens talentos.<\/p>\n\n\n\n<figure class=\"wp-block-image size-large\"><img fetchpriority=\"high\" decoding=\"async\" width=\"1024\" height=\"454\" src=\"https:\/\/www.tailgatezone.com.br\/wp-content\/uploads\/2023\/09\/IMG_2221-1-1024x454.jpg\" alt=\"\" class=\"wp-image-10861\" srcset=\"https:\/\/www.tailgatezone.com.br\/wp-content\/uploads\/2023\/09\/IMG_2221-1-1024x454.jpg 1024w, https:\/\/www.tailgatezone.com.br\/wp-content\/uploads\/2023\/09\/IMG_2221-1-300x133.jpg 300w, https:\/\/www.tailgatezone.com.br\/wp-content\/uploads\/2023\/09\/IMG_2221-1-768x341.jpg 768w, https:\/\/www.tailgatezone.com.br\/wp-content\/uploads\/2023\/09\/IMG_2221-1-1536x681.jpg 1536w, https:\/\/www.tailgatezone.com.br\/wp-content\/uploads\/2023\/09\/IMG_2221-1-2048x908.jpg 2048w, https:\/\/www.tailgatezone.com.br\/wp-content\/uploads\/2023\/09\/IMG_2221-1-18x8.jpg 18w\" sizes=\"(max-width: 1024px) 100vw, 1024px\" \/><figcaption class=\"wp-element-caption\">Amistoso Brasil x Chile.<br>Fonte: M\u00e1rcio Roberto Irikura\/CBBS.<\/figcaption><\/figure>\n\n\n\n<p>O <a href=\"https:\/\/www.tailgatezone.com.br\/en\/\">tailgate zone<\/a> esteve presente no evento de convoca\u00e7\u00e3o e conversou, durante a <em><a href=\"https:\/\/www.youtube.com\/live\/imHqkNbR3ic?si=DK6nmHzd_2ydk3DL\">live do tz<\/a><\/em>, com o arremessador Felipe Natel (Yamaha &#8211; JAP). Ele falou de suas expectativas para a disputa do Pan de Santiago 2023. Natel destacou o quanto se sente honrado de ser um dos escolhidos para a disputa. Al\u00e9m disso, comentou da adrenalina que \u00e9 jogar pela sele\u00e7\u00e3o em um grande torneio. Salientou, tamb\u00e9m, o qu\u00e3o preparado est\u00e1 o time para a busca da medalha.<\/p>\n\n\n\n<h4 class=\"wp-block-heading\">A LISTA<\/h4>\n\n\n\n<p>A lista dos 24 convocados ficou assim distribu\u00edda:<\/p>\n\n\n\n<ul class=\"wp-block-list\">\n<li>10 arremessadores;<\/li>\n\n\n\n<li>03 receptores (<em>catchers<\/em>);<\/li>\n\n\n\n<li>07 defensores de campo interno; e<\/li>\n\n\n\n<li>04 defensores de campo externo.<\/li>\n<\/ul>\n\n\n\n<h4 class=\"wp-block-heading\">ARREMESSADORES<\/h4>\n\n\n\n<figure class=\"wp-block-image size-large\"><img decoding=\"async\" width=\"1024\" height=\"576\" src=\"https:\/\/www.tailgatezone.com.br\/wp-content\/uploads\/2023\/09\/20230912_184050_0000-1-1024x576.png\" alt=\"\" class=\"wp-image-10870\" srcset=\"https:\/\/www.tailgatezone.com.br\/wp-content\/uploads\/2023\/09\/20230912_184050_0000-1-1024x576.png 1024w, https:\/\/www.tailgatezone.com.br\/wp-content\/uploads\/2023\/09\/20230912_184050_0000-1-300x169.png 300w, https:\/\/www.tailgatezone.com.br\/wp-content\/uploads\/2023\/09\/20230912_184050_0000-1-768x432.png 768w, https:\/\/www.tailgatezone.com.br\/wp-content\/uploads\/2023\/09\/20230912_184050_0000-1-18x10.png 18w, https:\/\/www.tailgatezone.com.br\/wp-content\/uploads\/2023\/09\/20230912_184050_0000-1-800x450.png 800w, https:\/\/www.tailgatezone.com.br\/wp-content\/uploads\/2023\/09\/20230912_184050_0000-1.png 1280w\" sizes=\"(max-width: 1024px) 100vw, 1024px\" \/><\/figure>\n\n\n\n<p>Andr\u00e9 Rienzo<br><strong>Equipe<\/strong>: Medicina USP &#8211; BRA<\/p>\n\n\n\n<p>Eric Pardinho<br><strong>Equipe<\/strong>: Toronto Blue Jays &#8211; CAN<\/p>\n\n\n\n<p>Douglas Takano<br><strong>Equipe<\/strong>: Maring\u00e1 &#8211; BRA<\/p>\n\n\n\n<p>Enzo Sawayama<br><strong>Equipe<\/strong>: Yamaha &#8211; JAP<\/p>\n\n\n\n<p>Daniel Missaki<br><strong>Equipe<\/strong>: Nippon Blue Jays &#8211; BRA<\/p>\n\n\n\n<p>Felipe Fukuda<br><strong>Equipe<\/strong>: Mar\u00edlia &#8211; BRA<\/p>\n\n\n\n<p>Gabriel Barbosa<br><strong>Equipe<\/strong>: Colorado Rockies &#8211; EUA<\/p>\n\n\n\n<p>Felipe Natel<br><strong>Equipe<\/strong>: Yamaha &#8211; JAP<\/p>\n\n\n\n<p>Murilo Gouvea<br><strong>Equipe<\/strong>: Atibaia &#8211; BRA<\/p>\n\n\n\n<p>Oscar Nakaoshi<br><strong>Equipe<\/strong>: Anhanguera &#8211; BRA<\/p>\n\n\n\n<h4 class=\"wp-block-heading\">RECEPTORES (<em>CATCHERS<\/em>)<\/h4>\n\n\n\n<figure class=\"wp-block-image size-large\"><img decoding=\"async\" width=\"1024\" height=\"576\" src=\"https:\/\/www.tailgatezone.com.br\/wp-content\/uploads\/2023\/09\/20230912_184050_0001-1024x576.png\" alt=\"\" class=\"wp-image-10871\" srcset=\"https:\/\/www.tailgatezone.com.br\/wp-content\/uploads\/2023\/09\/20230912_184050_0001-1024x576.png 1024w, https:\/\/www.tailgatezone.com.br\/wp-content\/uploads\/2023\/09\/20230912_184050_0001-300x169.png 300w, https:\/\/www.tailgatezone.com.br\/wp-content\/uploads\/2023\/09\/20230912_184050_0001-768x432.png 768w, https:\/\/www.tailgatezone.com.br\/wp-content\/uploads\/2023\/09\/20230912_184050_0001-18x10.png 18w, https:\/\/www.tailgatezone.com.br\/wp-content\/uploads\/2023\/09\/20230912_184050_0001-800x450.png 800w, https:\/\/www.tailgatezone.com.br\/wp-content\/uploads\/2023\/09\/20230912_184050_0001.png 1280w\" sizes=\"(max-width: 1024px) 100vw, 1024px\" \/><\/figure>\n\n\n\n<p>Gabriel do Carmo<br><strong>Equipe<\/strong>: Montigny Cougars &#8211; FRA<\/p>\n\n\n\n<p>Raphael Parra<br><strong>Equipe<\/strong>: Mar\u00edlia &#8211; BRA<\/p>\n\n\n\n<p>Salomon Koba<br><strong>Equipe<\/strong>: Nippon Blue Jays &#8211; BRA<\/p>\n\n\n\n<h4 class=\"wp-block-heading\">DEFENSORES DE CAMPO INTERNO<\/h4>\n\n\n\n<figure class=\"wp-block-image size-large\"><img loading=\"lazy\" decoding=\"async\" width=\"1024\" height=\"576\" src=\"https:\/\/www.tailgatezone.com.br\/wp-content\/uploads\/2023\/09\/20230912_184050_0002-1024x576.png\" alt=\"\" class=\"wp-image-10872\" srcset=\"https:\/\/www.tailgatezone.com.br\/wp-content\/uploads\/2023\/09\/20230912_184050_0002-1024x576.png 1024w, https:\/\/www.tailgatezone.com.br\/wp-content\/uploads\/2023\/09\/20230912_184050_0002-300x169.png 300w, https:\/\/www.tailgatezone.com.br\/wp-content\/uploads\/2023\/09\/20230912_184050_0002-768x432.png 768w, https:\/\/www.tailgatezone.com.br\/wp-content\/uploads\/2023\/09\/20230912_184050_0002-18x10.png 18w, https:\/\/www.tailgatezone.com.br\/wp-content\/uploads\/2023\/09\/20230912_184050_0002-800x450.png 800w, https:\/\/www.tailgatezone.com.br\/wp-content\/uploads\/2023\/09\/20230912_184050_0002.png 1280w\" sizes=\"(max-width: 1024px) 100vw, 1024px\" \/><\/figure>\n\n\n\n<p>Felipe Burin<br><strong>Equipe<\/strong>: Mar\u00edlia &#8211; BRA<\/p>\n\n\n\n<p>Felipe Mizukosi<br><strong>Equipe<\/strong>: Gecebs &#8211; BRA<\/p>\n\n\n\n<p>Lucas Rojo<br><strong>Equipe<\/strong>: Atibaia &#8211; BRA<\/p>\n\n\n\n<p>Lucas Sakay<br><strong>Equipe<\/strong>: Ibi\u00fana &#8211; BRA<\/p>\n\n\n\n<p>Osvaldo Carvalho Jr<br><strong>Equipe<\/strong>: Mar\u00edlia &#8211; BRA<\/p>\n\n\n\n<p>Pedro Ivo Okuda<br><strong>Equipe<\/strong>: Mar\u00edlia &#8211; BRA<\/p>\n\n\n\n<p>Victor Coutinho<br><strong>Equipe<\/strong>: Mar\u00edlia &#8211; BRA<\/p>\n\n\n\n<h4 class=\"wp-block-heading\">DEFENSORES DE CAMPO EXTERNO<\/h4>\n\n\n\n<figure class=\"wp-block-image size-large\"><img loading=\"lazy\" decoding=\"async\" width=\"1024\" height=\"576\" src=\"https:\/\/www.tailgatezone.com.br\/wp-content\/uploads\/2023\/09\/20230912_184050_0003-1024x576.png\" alt=\"\" class=\"wp-image-10873\" srcset=\"https:\/\/www.tailgatezone.com.br\/wp-content\/uploads\/2023\/09\/20230912_184050_0003-1024x576.png 1024w, https:\/\/www.tailgatezone.com.br\/wp-content\/uploads\/2023\/09\/20230912_184050_0003-300x169.png 300w, https:\/\/www.tailgatezone.com.br\/wp-content\/uploads\/2023\/09\/20230912_184050_0003-768x432.png 768w, https:\/\/www.tailgatezone.com.br\/wp-content\/uploads\/2023\/09\/20230912_184050_0003-18x10.png 18w, https:\/\/www.tailgatezone.com.br\/wp-content\/uploads\/2023\/09\/20230912_184050_0003-800x450.png 800w, https:\/\/www.tailgatezone.com.br\/wp-content\/uploads\/2023\/09\/20230912_184050_0003.png 1280w\" sizes=\"(max-width: 1024px) 100vw, 1024px\" \/><\/figure>\n\n\n\n<p>Ariel Frigo<br><strong>Equipe<\/strong>: Anhanguera &#8211; BRA<\/p>\n\n\n\n<p>Fabio Murakami<br><strong>Equipe<\/strong>: Mar\u00edlia &#8211; BRA<\/p>\n\n\n\n<p>Jean Tom\u00e9<br><strong>Equipe<\/strong>: Mar\u00edlia &#8211; BRA<\/p>\n\n\n\n<p>Paulo Orlando<br><strong>Equipe<\/strong>: Anhanguera &#8211; BRA<\/p>\n\n\n\n<h4 class=\"wp-block-heading\">NO PAN<\/h4>\n\n\n\n<p>A Sele\u00e7\u00e3o Brasileira de Beisebol est\u00e1 no grupo B, no Pan de Santiago 2023. A busca pela medalha in\u00e9dita passar\u00e1 por grandes desafios, j\u00e1 que o Brasil enfrentar\u00e1 Venezuela, Col\u00f4mbia e a super campe\u00e3 Cuba.<\/p>\n\n\n\n<p>Os jogos come\u00e7am no dia 18 de outubro e a grande final ser\u00e1 disputada no dia 28 do mesmo m\u00eas. A Sele\u00e7\u00e3o Brasileira estreia no dia 19\/10, contra a Venezuela.<\/p>","protected":false},"excerpt":{"rendered":"<p>A segunda-feira, 11\/9, foi o dia de conhecermos os 24 jogadores que v\u00e3o disputar o torneio de beisebol do Pan de Santiago 2023 pela Sele\u00e7\u00e3o Brasileira. A Comiss\u00e3o T\u00e9cnica, formada por Ramon Ito (manager); Thiago Caldeira (t\u00e9cnico de arremessadores); Tiago Magalh\u00e3es (t\u00e9cnico de rebatedores); e M\u00e1rcio Irikura (chefe de delega\u00e7\u00e3o), divulgou a rela\u00e7\u00e3o de convocados. [&hellip;]<\/p>\n","protected":false},"author":5,"featured_media":10858,"comment_status":"open","ping_status":"open","sticky":false,"template":"","format":"standard","meta":{"_acf_changed":false,"_uag_custom_page_level_css":"","_uf_show_specific_survey":0,"_uf_disable_surveys":false,"footnotes":""},"categories":[19,6,1701,8],"tags":[1722,1799,1704,1800],"class_list":["post-10855","post","type-post","status-publish","format-standard","has-post-thumbnail","hentry","category-grandes-ligas","category-mlb","category-nosso-beisebol","category-tailgate","tag-beisebol-brasileiro","tag-jogos-panamericanos","tag-nosso-beisebol","tag-santiago-2023","entry","has-media"],"acf":[],"yoast_head":"<!-- This site is optimized with the Yoast SEO plugin v27.4 - https:\/\/yoast.com\/product\/yoast-seo-wordpress\/ -->\n<title>Sele\u00e7\u00e3o Brasileira de Beisebol \u00e9 convocada para o Pan de Santiago 2023 - tailgate zone<\/title>\n<meta name=\"description\" content=\"Sele\u00e7\u00e3o Brasileira de Beisebol \u00e9 convocada para o Pan de Santiago 2023. O Brasil vai em busca da in\u00e9dita medalha.\" \/>\n<meta name=\"robots\" content=\"index, follow, max-snippet:-1, max-image-preview:large, max-video-preview:-1\" \/>\n<link rel=\"canonical\" href=\"https:\/\/www.tailgatezone.com.br\/en\/tailgate\/nosso-beisebol\/selecao-brasileira-de-beisebol-e-convocada-para-o-pan-de-santiago-2023\/\" \/>\n<meta property=\"og:locale\" content=\"en_US\" \/>\n<meta property=\"og:type\" content=\"article\" \/>\n<meta property=\"og:title\" content=\"Sele\u00e7\u00e3o Brasileira de Beisebol \u00e9 convocada para o Pan de Santiago 2023 - tailgate zone\" \/>\n<meta property=\"og:description\" content=\"Sele\u00e7\u00e3o Brasileira de Beisebol \u00e9 convocada para o Pan de Santiago 2023. O Brasil vai em busca da in\u00e9dita medalha.\" \/>\n<meta property=\"og:url\" content=\"https:\/\/www.tailgatezone.com.br\/en\/tailgate\/nosso-beisebol\/selecao-brasileira-de-beisebol-e-convocada-para-o-pan-de-santiago-2023\/\" \/>\n<meta property=\"og:site_name\" content=\"tailgate zone\" \/>\n<meta property=\"article:publisher\" content=\"https:\/\/www.facebook.com\/tailgatezone\" \/>\n<meta property=\"article:published_time\" content=\"2023-09-12T13:00:00+00:00\" \/>\n<meta property=\"article:modified_time\" content=\"2023-09-13T19:27:52+00:00\" \/>\n<meta property=\"og:image\" content=\"https:\/\/www.tailgatezone.com.br\/wp-content\/uploads\/2023\/09\/IMG_2333-scaled.jpg\" \/>\n\t<meta property=\"og:image:width\" content=\"2560\" \/>\n\t<meta property=\"og:image:height\" content=\"1285\" \/>\n\t<meta property=\"og:image:type\" content=\"image\/jpeg\" \/>\n<meta name=\"author\" content=\"Fernando Franca\" \/>\n<meta name=\"twitter:card\" content=\"summary_large_image\" \/>\n<meta name=\"twitter:creator\" content=\"@tailgatezone_br\" \/>\n<meta name=\"twitter:site\" content=\"@tailgatezone_br\" \/>\n<meta name=\"twitter:label1\" content=\"Written by\" \/>\n\t<meta name=\"twitter:data1\" content=\"Fernando Franca\" \/>\n\t<meta name=\"twitter:label2\" content=\"Est. reading time\" \/>\n\t<meta name=\"twitter:data2\" content=\"4 minutes\" \/>\n<script type=\"application\/ld+json\" class=\"yoast-schema-graph\">{\"@context\":\"https:\\\/\\\/schema.org\",\"@graph\":[{\"@type\":\"Article\",\"@id\":\"https:\\\/\\\/www.tailgatezone.com.br\\\/tailgate\\\/nosso-beisebol\\\/selecao-brasileira-de-beisebol-e-convocada-para-o-pan-de-santiago-2023\\\/#article\",\"isPartOf\":{\"@id\":\"https:\\\/\\\/www.tailgatezone.com.br\\\/tailgate\\\/nosso-beisebol\\\/selecao-brasileira-de-beisebol-e-convocada-para-o-pan-de-santiago-2023\\\/\"},\"author\":{\"name\":\"Fernando Franca\",\"@id\":\"https:\\\/\\\/www.tailgatezone.com.br\\\/#\\\/schema\\\/person\\\/210d46a904520491411c885b40bf9546\"},\"headline\":\"Sele\u00e7\u00e3o Brasileira de Beisebol \u00e9 convocada para o Pan de Santiago 2023\",\"datePublished\":\"2023-09-12T13:00:00+00:00\",\"dateModified\":\"2023-09-13T19:27:52+00:00\",\"mainEntityOfPage\":{\"@id\":\"https:\\\/\\\/www.tailgatezone.com.br\\\/tailgate\\\/nosso-beisebol\\\/selecao-brasileira-de-beisebol-e-convocada-para-o-pan-de-santiago-2023\\\/\"},\"wordCount\":458,\"commentCount\":0,\"publisher\":{\"@id\":\"https:\\\/\\\/www.tailgatezone.com.br\\\/#organization\"},\"image\":{\"@id\":\"https:\\\/\\\/www.tailgatezone.com.br\\\/tailgate\\\/nosso-beisebol\\\/selecao-brasileira-de-beisebol-e-convocada-para-o-pan-de-santiago-2023\\\/#primaryimage\"},\"thumbnailUrl\":\"https:\\\/\\\/www.tailgatezone.com.br\\\/wp-content\\\/uploads\\\/2023\\\/09\\\/IMG_2333-scaled.jpg\",\"keywords\":[\"beisebol brasileiro\",\"jogos panamericanos\",\"nosso beisebol\",\"santiago 2023\"],\"articleSection\":[\"Grandes ligas\",\"MLB\",\"Nosso beisebol\",\"Tailgate\"],\"inLanguage\":\"en-US\",\"potentialAction\":[{\"@type\":\"CommentAction\",\"name\":\"Comment\",\"target\":[\"https:\\\/\\\/www.tailgatezone.com.br\\\/tailgate\\\/nosso-beisebol\\\/selecao-brasileira-de-beisebol-e-convocada-para-o-pan-de-santiago-2023\\\/#respond\"]}]},{\"@type\":\"WebPage\",\"@id\":\"https:\\\/\\\/www.tailgatezone.com.br\\\/tailgate\\\/nosso-beisebol\\\/selecao-brasileira-de-beisebol-e-convocada-para-o-pan-de-santiago-2023\\\/\",\"url\":\"https:\\\/\\\/www.tailgatezone.com.br\\\/tailgate\\\/nosso-beisebol\\\/selecao-brasileira-de-beisebol-e-convocada-para-o-pan-de-santiago-2023\\\/\",\"name\":\"Sele\u00e7\u00e3o Brasileira de Beisebol \u00e9 convocada para o Pan de Santiago 2023 - tailgate zone\",\"isPartOf\":{\"@id\":\"https:\\\/\\\/www.tailgatezone.com.br\\\/#website\"},\"primaryImageOfPage\":{\"@id\":\"https:\\\/\\\/www.tailgatezone.com.br\\\/tailgate\\\/nosso-beisebol\\\/selecao-brasileira-de-beisebol-e-convocada-para-o-pan-de-santiago-2023\\\/#primaryimage\"},\"image\":{\"@id\":\"https:\\\/\\\/www.tailgatezone.com.br\\\/tailgate\\\/nosso-beisebol\\\/selecao-brasileira-de-beisebol-e-convocada-para-o-pan-de-santiago-2023\\\/#primaryimage\"},\"thumbnailUrl\":\"https:\\\/\\\/www.tailgatezone.com.br\\\/wp-content\\\/uploads\\\/2023\\\/09\\\/IMG_2333-scaled.jpg\",\"datePublished\":\"2023-09-12T13:00:00+00:00\",\"dateModified\":\"2023-09-13T19:27:52+00:00\",\"description\":\"Sele\u00e7\u00e3o Brasileira de Beisebol \u00e9 convocada para o Pan de Santiago 2023. O Brasil vai em busca da in\u00e9dita medalha.\",\"breadcrumb\":{\"@id\":\"https:\\\/\\\/www.tailgatezone.com.br\\\/tailgate\\\/nosso-beisebol\\\/selecao-brasileira-de-beisebol-e-convocada-para-o-pan-de-santiago-2023\\\/#breadcrumb\"},\"inLanguage\":\"en-US\",\"potentialAction\":[{\"@type\":\"ReadAction\",\"target\":[\"https:\\\/\\\/www.tailgatezone.com.br\\\/tailgate\\\/nosso-beisebol\\\/selecao-brasileira-de-beisebol-e-convocada-para-o-pan-de-santiago-2023\\\/\"]}]},{\"@type\":\"ImageObject\",\"inLanguage\":\"en-US\",\"@id\":\"https:\\\/\\\/www.tailgatezone.com.br\\\/tailgate\\\/nosso-beisebol\\\/selecao-brasileira-de-beisebol-e-convocada-para-o-pan-de-santiago-2023\\\/#primaryimage\",\"url\":\"https:\\\/\\\/www.tailgatezone.com.br\\\/wp-content\\\/uploads\\\/2023\\\/09\\\/IMG_2333-scaled.jpg\",\"contentUrl\":\"https:\\\/\\\/www.tailgatezone.com.br\\\/wp-content\\\/uploads\\\/2023\\\/09\\\/IMG_2333-scaled.jpg\",\"width\":2560,\"height\":1285},{\"@type\":\"BreadcrumbList\",\"@id\":\"https:\\\/\\\/www.tailgatezone.com.br\\\/tailgate\\\/nosso-beisebol\\\/selecao-brasileira-de-beisebol-e-convocada-para-o-pan-de-santiago-2023\\\/#breadcrumb\",\"itemListElement\":[{\"@type\":\"ListItem\",\"position\":1,\"name\":\"In\u00edcio\",\"item\":\"https:\\\/\\\/www.tailgatezone.com.br\\\/\"},{\"@type\":\"ListItem\",\"position\":2,\"name\":\"Sele\u00e7\u00e3o Brasileira de Beisebol \u00e9 convocada para o Pan de Santiago 2023\"}]},{\"@type\":\"WebSite\",\"@id\":\"https:\\\/\\\/www.tailgatezone.com.br\\\/#website\",\"url\":\"https:\\\/\\\/www.tailgatezone.com.br\\\/\",\"name\":\"tailgate zone\",\"description\":\"um assunto s\u00e9rio tratado com muita esportividade\",\"publisher\":{\"@id\":\"https:\\\/\\\/www.tailgatezone.com.br\\\/#organization\"},\"potentialAction\":[{\"@type\":\"SearchAction\",\"target\":{\"@type\":\"EntryPoint\",\"urlTemplate\":\"https:\\\/\\\/www.tailgatezone.com.br\\\/?s={search_term_string}\"},\"query-input\":{\"@type\":\"PropertyValueSpecification\",\"valueRequired\":true,\"valueName\":\"search_term_string\"}}],\"inLanguage\":\"en-US\"},{\"@type\":\"Organization\",\"@id\":\"https:\\\/\\\/www.tailgatezone.com.br\\\/#organization\",\"name\":\"tailgate zone\",\"url\":\"https:\\\/\\\/www.tailgatezone.com.br\\\/\",\"logo\":{\"@type\":\"ImageObject\",\"inLanguage\":\"en-US\",\"@id\":\"https:\\\/\\\/www.tailgatezone.com.br\\\/#\\\/schema\\\/logo\\\/image\\\/\",\"url\":\"https:\\\/\\\/www.tailgatezone.com.br\\\/wp-content\\\/uploads\\\/2022\\\/09\\\/tailgatezone.png\",\"contentUrl\":\"https:\\\/\\\/www.tailgatezone.com.br\\\/wp-content\\\/uploads\\\/2022\\\/09\\\/tailgatezone.png\",\"width\":3894,\"height\":1500,\"caption\":\"tailgate zone\"},\"image\":{\"@id\":\"https:\\\/\\\/www.tailgatezone.com.br\\\/#\\\/schema\\\/logo\\\/image\\\/\"},\"sameAs\":[\"https:\\\/\\\/www.facebook.com\\\/tailgatezone\",\"https:\\\/\\\/x.com\\\/tailgatezone_br\",\"https:\\\/\\\/www.instagram.com\\\/tailgatezone\",\"https:\\\/\\\/youtube.com\\\/tailgatezonebr\"]},{\"@type\":\"Person\",\"@id\":\"https:\\\/\\\/www.tailgatezone.com.br\\\/#\\\/schema\\\/person\\\/210d46a904520491411c885b40bf9546\",\"name\":\"Fernando Franca\",\"image\":{\"@type\":\"ImageObject\",\"inLanguage\":\"en-US\",\"@id\":\"https:\\\/\\\/www.tailgatezone.com.br\\\/wp-content\\\/uploads\\\/2023\\\/01\\\/Fernandao-1024x1024.png\",\"url\":\"https:\\\/\\\/www.tailgatezone.com.br\\\/wp-content\\\/uploads\\\/2023\\\/01\\\/Fernandao-1024x1024.png\",\"contentUrl\":\"https:\\\/\\\/www.tailgatezone.com.br\\\/wp-content\\\/uploads\\\/2023\\\/01\\\/Fernandao-1024x1024.png\",\"caption\":\"Fernando Franca\"},\"description\":\"Cientista da informa\u00e7\u00e3o no hor\u00e1rio comercial. Apaixonado por Baseball e pelo Los Angeles Dodgers 24h\\\/dia. Acredito que, como disse Marx, o homem \u00e9 produto das circunst\u00e2ncias e que, por isso, \u00e9 preciso criar as circunst\u00e2ncias humanamente.\",\"url\":\"https:\\\/\\\/www.tailgatezone.com.br\\\/en\\\/author\\\/fernando\\\/\"}]}<\/script>\n<!-- \/ Yoast SEO plugin. -->","yoast_head_json":{"title":"Sele\u00e7\u00e3o Brasileira de Beisebol \u00e9 convocada para o Pan de Santiago 2023 - tailgate zone","description":"Sele\u00e7\u00e3o Brasileira de Beisebol \u00e9 convocada para o Pan de Santiago 2023. O Brasil vai em busca da in\u00e9dita medalha.","robots":{"index":"index","follow":"follow","max-snippet":"max-snippet:-1","max-image-preview":"max-image-preview:large","max-video-preview":"max-video-preview:-1"},"canonical":"https:\/\/www.tailgatezone.com.br\/en\/tailgate\/nosso-beisebol\/selecao-brasileira-de-beisebol-e-convocada-para-o-pan-de-santiago-2023\/","og_locale":"en_US","og_type":"article","og_title":"Sele\u00e7\u00e3o Brasileira de Beisebol \u00e9 convocada para o Pan de Santiago 2023 - tailgate zone","og_description":"Sele\u00e7\u00e3o Brasileira de Beisebol \u00e9 convocada para o Pan de Santiago 2023. O Brasil vai em busca da in\u00e9dita medalha.","og_url":"https:\/\/www.tailgatezone.com.br\/en\/tailgate\/nosso-beisebol\/selecao-brasileira-de-beisebol-e-convocada-para-o-pan-de-santiago-2023\/","og_site_name":"tailgate zone","article_publisher":"https:\/\/www.facebook.com\/tailgatezone","article_published_time":"2023-09-12T13:00:00+00:00","article_modified_time":"2023-09-13T19:27:52+00:00","og_image":[{"width":2560,"height":1285,"url":"https:\/\/www.tailgatezone.com.br\/wp-content\/uploads\/2023\/09\/IMG_2333-scaled.jpg","type":"image\/jpeg"}],"author":"Fernando Franca","twitter_card":"summary_large_image","twitter_creator":"@tailgatezone_br","twitter_site":"@tailgatezone_br","twitter_misc":{"Written by":"Fernando Franca","Est. reading time":"4 minutes"},"schema":{"@context":"https:\/\/schema.org","@graph":[{"@type":"Article","@id":"https:\/\/www.tailgatezone.com.br\/tailgate\/nosso-beisebol\/selecao-brasileira-de-beisebol-e-convocada-para-o-pan-de-santiago-2023\/#article","isPartOf":{"@id":"https:\/\/www.tailgatezone.com.br\/tailgate\/nosso-beisebol\/selecao-brasileira-de-beisebol-e-convocada-para-o-pan-de-santiago-2023\/"},"author":{"name":"Fernando Franca","@id":"https:\/\/www.tailgatezone.com.br\/#\/schema\/person\/210d46a904520491411c885b40bf9546"},"headline":"Sele\u00e7\u00e3o Brasileira de Beisebol \u00e9 convocada para o Pan de Santiago 2023","datePublished":"2023-09-12T13:00:00+00:00","dateModified":"2023-09-13T19:27:52+00:00","mainEntityOfPage":{"@id":"https:\/\/www.tailgatezone.com.br\/tailgate\/nosso-beisebol\/selecao-brasileira-de-beisebol-e-convocada-para-o-pan-de-santiago-2023\/"},"wordCount":458,"commentCount":0,"publisher":{"@id":"https:\/\/www.tailgatezone.com.br\/#organization"},"image":{"@id":"https:\/\/www.tailgatezone.com.br\/tailgate\/nosso-beisebol\/selecao-brasileira-de-beisebol-e-convocada-para-o-pan-de-santiago-2023\/#primaryimage"},"thumbnailUrl":"https:\/\/www.tailgatezone.com.br\/wp-content\/uploads\/2023\/09\/IMG_2333-scaled.jpg","keywords":["beisebol brasileiro","jogos panamericanos","nosso beisebol","santiago 2023"],"articleSection":["Grandes ligas","MLB","Nosso beisebol","Tailgate"],"inLanguage":"en-US","potentialAction":[{"@type":"CommentAction","name":"Comment","target":["https:\/\/www.tailgatezone.com.br\/tailgate\/nosso-beisebol\/selecao-brasileira-de-beisebol-e-convocada-para-o-pan-de-santiago-2023\/#respond"]}]},{"@type":"WebPage","@id":"https:\/\/www.tailgatezone.com.br\/tailgate\/nosso-beisebol\/selecao-brasileira-de-beisebol-e-convocada-para-o-pan-de-santiago-2023\/","url":"https:\/\/www.tailgatezone.com.br\/tailgate\/nosso-beisebol\/selecao-brasileira-de-beisebol-e-convocada-para-o-pan-de-santiago-2023\/","name":"Sele\u00e7\u00e3o Brasileira de Beisebol \u00e9 convocada para o Pan de Santiago 2023 - tailgate zone","isPartOf":{"@id":"https:\/\/www.tailgatezone.com.br\/#website"},"primaryImageOfPage":{"@id":"https:\/\/www.tailgatezone.com.br\/tailgate\/nosso-beisebol\/selecao-brasileira-de-beisebol-e-convocada-para-o-pan-de-santiago-2023\/#primaryimage"},"image":{"@id":"https:\/\/www.tailgatezone.com.br\/tailgate\/nosso-beisebol\/selecao-brasileira-de-beisebol-e-convocada-para-o-pan-de-santiago-2023\/#primaryimage"},"thumbnailUrl":"https:\/\/www.tailgatezone.com.br\/wp-content\/uploads\/2023\/09\/IMG_2333-scaled.jpg","datePublished":"2023-09-12T13:00:00+00:00","dateModified":"2023-09-13T19:27:52+00:00","description":"Sele\u00e7\u00e3o Brasileira de Beisebol \u00e9 convocada para o Pan de Santiago 2023. O Brasil vai em busca da in\u00e9dita medalha.","breadcrumb":{"@id":"https:\/\/www.tailgatezone.com.br\/tailgate\/nosso-beisebol\/selecao-brasileira-de-beisebol-e-convocada-para-o-pan-de-santiago-2023\/#breadcrumb"},"inLanguage":"en-US","potentialAction":[{"@type":"ReadAction","target":["https:\/\/www.tailgatezone.com.br\/tailgate\/nosso-beisebol\/selecao-brasileira-de-beisebol-e-convocada-para-o-pan-de-santiago-2023\/"]}]},{"@type":"ImageObject","inLanguage":"en-US","@id":"https:\/\/www.tailgatezone.com.br\/tailgate\/nosso-beisebol\/selecao-brasileira-de-beisebol-e-convocada-para-o-pan-de-santiago-2023\/#primaryimage","url":"https:\/\/www.tailgatezone.com.br\/wp-content\/uploads\/2023\/09\/IMG_2333-scaled.jpg","contentUrl":"https:\/\/www.tailgatezone.com.br\/wp-content\/uploads\/2023\/09\/IMG_2333-scaled.jpg","width":2560,"height":1285},{"@type":"BreadcrumbList","@id":"https:\/\/www.tailgatezone.com.br\/tailgate\/nosso-beisebol\/selecao-brasileira-de-beisebol-e-convocada-para-o-pan-de-santiago-2023\/#breadcrumb","itemListElement":[{"@type":"ListItem","position":1,"name":"In\u00edcio","item":"https:\/\/www.tailgatezone.com.br\/"},{"@type":"ListItem","position":2,"name":"Sele\u00e7\u00e3o Brasileira de Beisebol \u00e9 convocada para o Pan de Santiago 2023"}]},{"@type":"WebSite","@id":"https:\/\/www.tailgatezone.com.br\/#website","url":"https:\/\/www.tailgatezone.com.br\/","name":"tailgate zone","description":"omething as serious as the bottom of the ninth","publisher":{"@id":"https:\/\/www.tailgatezone.com.br\/#organization"},"potentialAction":[{"@type":"SearchAction","target":{"@type":"EntryPoint","urlTemplate":"https:\/\/www.tailgatezone.com.br\/?s={search_term_string}"},"query-input":{"@type":"PropertyValueSpecification","valueRequired":true,"valueName":"search_term_string"}}],"inLanguage":"en-US"},{"@type":"Organization","@id":"https:\/\/www.tailgatezone.com.br\/#organization","name":"tailgate zone","url":"https:\/\/www.tailgatezone.com.br\/","logo":{"@type":"ImageObject","inLanguage":"en-US","@id":"https:\/\/www.tailgatezone.com.br\/#\/schema\/logo\/image\/","url":"https:\/\/www.tailgatezone.com.br\/wp-content\/uploads\/2022\/09\/tailgatezone.png","contentUrl":"https:\/\/www.tailgatezone.com.br\/wp-content\/uploads\/2022\/09\/tailgatezone.png","width":3894,"height":1500,"caption":"tailgate zone"},"image":{"@id":"https:\/\/www.tailgatezone.com.br\/#\/schema\/logo\/image\/"},"sameAs":["https:\/\/www.facebook.com\/tailgatezone","https:\/\/x.com\/tailgatezone_br","https:\/\/www.instagram.com\/tailgatezone","https:\/\/youtube.com\/tailgatezonebr"]},{"@type":"Person","@id":"https:\/\/www.tailgatezone.com.br\/#\/schema\/person\/210d46a904520491411c885b40bf9546","name":"Fernando Franca","image":{"@type":"ImageObject","inLanguage":"en-US","@id":"https:\/\/www.tailgatezone.com.br\/wp-content\/uploads\/2023\/01\/Fernandao-1024x1024.png","url":"https:\/\/www.tailgatezone.com.br\/wp-content\/uploads\/2023\/01\/Fernandao-1024x1024.png","contentUrl":"https:\/\/www.tailgatezone.com.br\/wp-content\/uploads\/2023\/01\/Fernandao-1024x1024.png","caption":"Fernando Franca"},"description":"Cientista da informa\u00e7\u00e3o no hor\u00e1rio comercial. Apaixonado por Baseball e pelo Los Angeles Dodgers 24h\/dia. Acredito que, como disse Marx, o homem \u00e9 produto das circunst\u00e2ncias e que, por isso, \u00e9 preciso criar as circunst\u00e2ncias humanamente.","url":"https:\/\/www.tailgatezone.com.br\/en\/author\/fernando\/"}]}},"uagb_featured_image_src":{"full":["https:\/\/www.tailgatezone.com.br\/wp-content\/uploads\/2023\/09\/IMG_2333-scaled.jpg",2560,1285,false],"thumbnail":["https:\/\/www.tailgatezone.com.br\/wp-content\/uploads\/2023\/09\/IMG_2333-150x150.jpg",150,150,true],"medium":["https:\/\/www.tailgatezone.com.br\/wp-content\/uploads\/2023\/09\/IMG_2333-300x151.jpg",300,151,true],"medium_large":["https:\/\/www.tailgatezone.com.br\/wp-content\/uploads\/2023\/09\/IMG_2333-768x385.jpg",768,385,true],"large":["https:\/\/www.tailgatezone.com.br\/wp-content\/uploads\/2023\/09\/IMG_2333-1024x514.jpg",1024,514,true],"1536x1536":["https:\/\/www.tailgatezone.com.br\/wp-content\/uploads\/2023\/09\/IMG_2333-1536x771.jpg",1536,771,true],"2048x2048":["https:\/\/www.tailgatezone.com.br\/wp-content\/uploads\/2023\/09\/IMG_2333-2048x1028.jpg",2048,1028,true],"trp-custom-language-flag":["https:\/\/www.tailgatezone.com.br\/wp-content\/uploads\/2023\/09\/IMG_2333-18x9.jpg",18,9,true],"ocean-thumb-m":["https:\/\/www.tailgatezone.com.br\/wp-content\/uploads\/2023\/09\/IMG_2333-600x600.jpg",600,600,true],"ocean-thumb-ml":["https:\/\/www.tailgatezone.com.br\/wp-content\/uploads\/2023\/09\/IMG_2333-800x450.jpg",800,450,true],"ocean-thumb-l":["https:\/\/www.tailgatezone.com.br\/wp-content\/uploads\/2023\/09\/IMG_2333-1200x700.jpg",1200,700,true]},"uagb_author_info":{"display_name":"Fernando Franca","author_link":"https:\/\/www.tailgatezone.com.br\/en\/author\/fernando\/"},"uagb_comment_info":1,"uagb_excerpt":"A segunda-feira, 11\/9, foi o dia de conhecermos os 24 jogadores que v\u00e3o disputar o torneio de beisebol do Pan de Santiago 2023 pela Sele\u00e7\u00e3o Brasileira. A Comiss\u00e3o T\u00e9cnica, formada por Ramon Ito (manager); Thiago Caldeira (t\u00e9cnico de arremessadores); Tiago Magalh\u00e3es (t\u00e9cnico de rebatedores); e M\u00e1rcio Irikura (chefe de delega\u00e7\u00e3o), divulgou a rela\u00e7\u00e3o de convocados.&hellip;","_links":{"self":[{"href":"https:\/\/www.tailgatezone.com.br\/en\/wp-json\/wp\/v2\/posts\/10855","targetHints":{"allow":["GET"]}}],"collection":[{"href":"https:\/\/www.tailgatezone.com.br\/en\/wp-json\/wp\/v2\/posts"}],"about":[{"href":"https:\/\/www.tailgatezone.com.br\/en\/wp-json\/wp\/v2\/types\/post"}],"author":[{"embeddable":true,"href":"https:\/\/www.tailgatezone.com.br\/en\/wp-json\/wp\/v2\/users\/5"}],"replies":[{"embeddable":true,"href":"https:\/\/www.tailgatezone.com.br\/en\/wp-json\/wp\/v2\/comments?post=10855"}],"version-history":[{"count":7,"href":"https:\/\/www.tailgatezone.com.br\/en\/wp-json\/wp\/v2\/posts\/10855\/revisions"}],"predecessor-version":[{"id":10874,"href":"https:\/\/www.tailgatezone.com.br\/en\/wp-json\/wp\/v2\/posts\/10855\/revisions\/10874"}],"wp:featuredmedia":[{"embeddable":true,"href":"https:\/\/www.tailgatezone.com.br\/en\/wp-json\/wp\/v2\/media\/10858"}],"wp:attachment":[{"href":"https:\/\/www.tailgatezone.com.br\/en\/wp-json\/wp\/v2\/media?parent=10855"}],"wp:term":[{"taxonomy":"category","embeddable":true,"href":"https:\/\/www.tailgatezone.com.br\/en\/wp-json\/wp\/v2\/categories?post=10855"},{"taxonomy":"post_tag","embeddable":true,"href":"https:\/\/www.tailgatezone.com.br\/en\/wp-json\/wp\/v2\/tags?post=10855"}],"curies":[{"name":"wp","href":"https:\/\/api.w.org\/{rel}","templated":true}]}}