{"id":11831,"date":"2025-07-11T08:40:01","date_gmt":"2025-07-11T11:40:01","guid":{"rendered":"https:\/\/www.tailgatezone.com.br\/?p=11831"},"modified":"2025-07-11T08:41:22","modified_gmt":"2025-07-11T11:41:22","slug":"com-o-tempo-a-voz-pesa-mais-que-a-chuteira","status":"publish","type":"post","link":"https:\/\/www.tailgatezone.com.br\/en\/tailgate\/cronicas\/com-o-tempo-a-voz-pesa-mais-que-a-chuteira\/","title":{"rendered":"Com o tempo, a voz pesa mais que a chuteira"},"content":{"rendered":"<p>Esses dias brinquei no meu Instagram que se o <a href=\"https:\/\/www.tailgatezone.com.br\/en\/author\/felipeclemente\/\">Felipe<\/a> do futuro me dissesse que tudo aconteceria em 2025, eu duvidaria demais. E nesse ano, bem fora do padr\u00e3o tradicional da minha vida, confesso que o viver na \u00c1sia tem me trazido mais momentos de reflex\u00e3o do que o normal! N\u00e3o vou colocar a responsabilidade em toda sabedoria milenar desse continente, vou colocar em mim e no tempo que eu tenho me permitido refletir.<\/p>\n\n\n\n<p>Enfim, esses dias vi alguns momentos de um podcast chamado <a href=\"https:\/\/www.youtube.com\/@atouchmore\">\u201cA Touch More\u201d<\/a>. Pra quem n\u00e3o conhece, j\u00e1 pesquisa a\u00ed e adiciona na sua lista. \u00c9 da Sue Bird, incr\u00edvel jogadora americana da WNBA e de sua noiva, Megan Rapinoe, outra incr\u00edvel jogadora, s\u00f3 que de futebol mesmo. No meu modo de ver a vida, diria tranquilamente que a Rapinoe \u00e9 muito maior que a Sue Bird, pois o fora das 4 linhas dela \u00e9 algo impressionante!<\/p>\n\n\n<div class=\"wp-block-image\">\n<figure class=\"aligncenter size-large\"><img fetchpriority=\"high\" decoding=\"async\" width=\"1024\" height=\"576\" src=\"https:\/\/www.tailgatezone.com.br\/wp-content\/uploads\/2025\/07\/com-o-tempo-a-voz-pesa-mais-que-a-chuteira-1024x576.png\" alt=\"\" class=\"wp-image-11832\" srcset=\"https:\/\/www.tailgatezone.com.br\/wp-content\/uploads\/2025\/07\/com-o-tempo-a-voz-pesa-mais-que-a-chuteira-1024x576.png 1024w, https:\/\/www.tailgatezone.com.br\/wp-content\/uploads\/2025\/07\/com-o-tempo-a-voz-pesa-mais-que-a-chuteira-300x169.png 300w, https:\/\/www.tailgatezone.com.br\/wp-content\/uploads\/2025\/07\/com-o-tempo-a-voz-pesa-mais-que-a-chuteira-768x432.png 768w, https:\/\/www.tailgatezone.com.br\/wp-content\/uploads\/2025\/07\/com-o-tempo-a-voz-pesa-mais-que-a-chuteira-18x10.png 18w, https:\/\/www.tailgatezone.com.br\/wp-content\/uploads\/2025\/07\/com-o-tempo-a-voz-pesa-mais-que-a-chuteira-800x450.png 800w, https:\/\/www.tailgatezone.com.br\/wp-content\/uploads\/2025\/07\/com-o-tempo-a-voz-pesa-mais-que-a-chuteira.png 1280w\" sizes=\"(max-width: 1024px) 100vw, 1024px\" \/><figcaption class=\"wp-element-caption\">Megan Rapinoe e Sue Bird em jogo do Seattle Storm<br>Fonte: Steph Chambers\/Getty<\/figcaption><\/figure>\n<\/div>\n\n\n<h4 class=\"wp-block-heading\">Sue Bird, Caitlin Clark e o alcance da discuss\u00e3o<\/h4>\n\n\n\n<p>Dito isso, nos lances que eu vi o podcast (\u00e9 um epis\u00f3dio <a href=\"https:\/\/youtu.be\/tU_fEf1-OgU?si=tsxLYjaa37t8mE1x\">antigo<\/a>, mas o youtube trouxe pra mim), elas falavam sobre o racismo na WNBA e sobre Caitlin Clark. \u00d3bvio que isso me chamou aten\u00e7\u00e3o, at\u00e9 pelo motivo de eu nunca ter visto esse tipo de fala quando o assunto \u00e9 a liga feminina de basquete. Normalmente o assunto que entramos \u00e9 s\u00f3 sobre os sal\u00e1rios mais justos, dar mais aten\u00e7\u00e3o pra liga e tudo mais.<\/p>\n\n\n\n<p>Em um momento do podcast a Sue diz que Caitlin Clark n\u00e3o trouxe o racismo para a liga, ela s\u00f3 est\u00e1 sendo usada como uma presa f\u00e1cil, num jogo onde velhos preconceitos j\u00e1 estavam posicionados h\u00e1 muito tempo. O problema n\u00e3o \u00e9 novo, o que \u00e9 novo mesmo \u00e9 o alcance da WNBA por conta da imagem de Caitlin Clark. Por si s\u00f3 a fala j\u00e1 \u00e9 uma defesa pra Clark e eu na minha posi\u00e7\u00e3o de torcedor do Indiana Fever deveria ficar contente.<\/p>\n\n\n\n<p>S\u00f3 que eu n\u00e3o fiquei nada confort\u00e1vel com essa defesa. O que eu sentia da fala da Bird, e que na minha cabecinha ainda era uma afronta a sua noiva que estava bem na sua frente, \u00e9 que ela estava diretamente criticando um ambiente que fazia quest\u00e3o que os jogadores, ou qualquer pessoa que tenha um alcance grande de m\u00eddia, tivesse que se posicionar e entrar no centro de discuss\u00f5es sociais.<\/p>\n\n\n\n<figure class=\"wp-block-image size-large\"><img decoding=\"async\" width=\"1024\" height=\"576\" src=\"https:\/\/www.tailgatezone.com.br\/wp-content\/uploads\/2025\/07\/com-o-tempo-a-voz-pesa-mais-que-a-chuteira-1-1024x576.png\" alt=\"\" class=\"wp-image-11833\" srcset=\"https:\/\/www.tailgatezone.com.br\/wp-content\/uploads\/2025\/07\/com-o-tempo-a-voz-pesa-mais-que-a-chuteira-1-1024x576.png 1024w, https:\/\/www.tailgatezone.com.br\/wp-content\/uploads\/2025\/07\/com-o-tempo-a-voz-pesa-mais-que-a-chuteira-1-300x169.png 300w, https:\/\/www.tailgatezone.com.br\/wp-content\/uploads\/2025\/07\/com-o-tempo-a-voz-pesa-mais-que-a-chuteira-1-768x432.png 768w, https:\/\/www.tailgatezone.com.br\/wp-content\/uploads\/2025\/07\/com-o-tempo-a-voz-pesa-mais-que-a-chuteira-1-18x10.png 18w, https:\/\/www.tailgatezone.com.br\/wp-content\/uploads\/2025\/07\/com-o-tempo-a-voz-pesa-mais-que-a-chuteira-1-800x450.png 800w, https:\/\/www.tailgatezone.com.br\/wp-content\/uploads\/2025\/07\/com-o-tempo-a-voz-pesa-mais-que-a-chuteira-1.png 1280w\" sizes=\"(max-width: 1024px) 100vw, 1024px\" \/><figcaption class=\"wp-element-caption\">A armadora do Indiana Fever, Caitlin Clark e a ala do Connecticut, Sun DiJonai Carrington, se enfrentando no jogo 1 do primeiro round dos playoffs de 2024 da WNBA.<br>Fonte: Erica Denhoff\/Cal Sport Media\/AP<\/figcaption><\/figure>\n\n\n\n<h4 class=\"wp-block-heading\">Shut up and dribble? Aqui n\u00e3o.<\/h4>\n\n\n\n<p>Ahhh n\u00e3o Sue, aqui n\u00e3o! Eu paro pra ouvir o seu podcast e voc\u00ea me solta isso? Sou do time que vai diretamente contra o tal do \u201cshut up and dribble\u201d que mandaram para o Lebron James em 2018. Meu time \u00e9 o dos Mbapp\u00e9s que v\u00e3o pra coletiva e falam da import\u00e2ncia do povo franc\u00eas votar de forma consciente! Eu sou do time dos jogadores da NBA trocando seus nomes em camisas por frases de incentivo ao voto.<\/p>\n\n\n\n<p>Eu sou do time do Sacha Kljestan! Que pra quem n\u00e3o sabe, apareceu logo ap\u00f3s um sonoro 4 a 0 do LA Galaxy e fez quest\u00e3o de falar que n\u00e3o ia abrir a boca pra falar do jogo. Na coletiva depois do jogo, Sacha usou o microfone para criticar a aus\u00eancia de a\u00e7\u00e3o pol\u00edtica depois de mais um tiroteio em solo americano, dessa vez durante o feriado de 4 de julho em Highland Park.<\/p>\n\n\n\n<figure class=\"wp-block-embed aligncenter is-type-video is-provider-youtube wp-block-embed-youtube wp-embed-aspect-16-9 wp-has-aspect-ratio\"><div class=\"wp-block-embed__wrapper\">\n<p class=\"responsive-video-wrap clr\"><iframe title=\"LA Galaxy&#039;s Sacha Kljestan speaks on gun violence in the United States in post-game presser\" width=\"1200\" height=\"675\" src=\"https:\/\/www.youtube.com\/embed\/CAxkQpUOs3I?feature=oembed&#038;enablejsapi=1\" frameborder=\"0\" allow=\"accelerometer; autoplay; clipboard-write; encrypted-media; gyroscope; picture-in-picture; web-share\" referrerpolicy=\"strict-origin-when-cross-origin\" allowfullscreen><\/iframe><\/p>\n<\/div><figcaption class=\"wp-element-caption\">\u201cEstou enjoado. Chega de &#8216;thoughts &amp; prayers&#8217;. Precisamos de a\u00e7\u00e3o real.\u201d<\/figcaption><\/figure>\n\n\n\n<p>Ele poderia ter comemorado. Mas preferiu se posicionar. Eu sou muito desse time. Eu fiquei num misto de sensa\u00e7\u00f5es com a fala da Sue, mas preferia seguir pelo podcast e refletir sobre o caso. Talvez seja a \u00c1sia, ou talvez seja apenas a minha idade e as coisas que a gente come\u00e7a a pensar quando vamos ficando mais velhos, ou talvez seja s\u00f3 eu ignorando meus princ\u00edpios e passando pano para a Caitlin Clark.<\/p>\n\n\n\n<h4 class=\"wp-block-heading\">Reflex\u00f5es em voz baixa (ou nem tanto)<\/h4>\n\n\n\n<p>Ser\u00e1 mesmo que precisamos colocar jogadores no centro de discuss\u00f5es sociais mesmo quando eles n\u00e3o est\u00e3o prontos pra isso? Eu sei bem que ficar calado tamb\u00e9m \u00e9 uma fala forte, voc\u00ea ver algo recrimin\u00e1vel e escolher ficar na sua \u00e9 uma posi\u00e7\u00e3o clara. Mas ser\u00e1 que \u00e9 mesmo? Ser\u00e1 que se manter calado quando voc\u00ea n\u00e3o entende ou n\u00e3o viveu alguma experi\u00eancia n\u00e3o \u00e9 melhor ainda? <strong>Quando o atleta deve falar? Quando ele pode se calar?<\/strong><\/p>\n\n\n\n<p>Puxei para um cen\u00e1rio brasileiro, completamente diferente de um cen\u00e1rio de esportes americanos. Talvez em nossa realidade o sil\u00eancio e o discurso dizem muito mais. Boa parte dos jogadores brasileiros que se destacam vieram de contextos de pobreza e exclus\u00e3o. Cresceram sem nunca se sentir pertencentes a lugar algum. De repente, ganham muito dinheiro, cercam-se de empres\u00e1rios e influ\u00eancias pol\u00edticas, quase sempre de direita, e repetem os discursos desse novo meio como forma de <strong>pertencer<\/strong> a ele.<\/p>\n\n\n\n<p>N\u00e3o \u00e9 s\u00f3 sobre pol\u00edtica, \u00e9 sobre sobreviv\u00eancia social. \u00c9 sobre se adaptar ao ambiente que agora te aceita, mesmo que isso signifique <strong>adotar uma vis\u00e3o de mundo que ignora exatamente de onde voc\u00ea veio<\/strong>. E a\u00ed nasce mais um dilema: <strong>\u00c9 culpa do jogador? Ou do sistema que o moldou assim?<\/strong><\/p>\n\n\n\n<h4 class=\"wp-block-heading\">Contradi\u00e7\u00f5es, sil\u00eancios e a maturidade de aceitar o tempo do outro<\/h4>\n\n\n\n<p>Pode parecer contradit\u00f3rio o que vou dizer, mas \u00e9 real. Eu ainda acredito que, se voc\u00ea tem alcance, se tem uma plataforma, voc\u00ea pode (e deveria) us\u00e1-la para fazer o bem. Mas tamb\u00e9m, nesses anos de aprendizado, j\u00e1 come\u00e7o a entender que <strong>nem todo mundo quer, ou nem todo mundo consegue, ou ainda, nem todo mundo precisa.<\/strong> E tudo bem.<\/p>\n\n\n\n<p>Crescer, como pessoa ou como sociedade, talvez seja justamente aprender a respeitar o tempo de quem ainda n\u00e3o encontrou a pr\u00f3pria voz, ou que escolhe us\u00e1-la de outro jeito. A Clark ainda me decepciona? Fora de quadra sim, dentro de quadra ela \u00e9 genial! Fora de quadra eu ainda prefiro a Megan Rapinoe.<\/p>","protected":false},"excerpt":{"rendered":"<p>Esses dias brinquei no meu Instagram que se o Felipe do futuro me dissesse que tudo aconteceria em 2025, eu duvidaria demais. E nesse ano, bem fora do padr\u00e3o tradicional da minha vida, confesso que o viver na \u00c1sia tem me trazido mais momentos de reflex\u00e3o do que o normal! N\u00e3o vou colocar a responsabilidade [&hellip;]<\/p>\n","protected":false},"author":2,"featured_media":11834,"comment_status":"open","ping_status":"open","sticky":false,"template":"","format":"standard","meta":{"_acf_changed":false,"_uag_custom_page_level_css":"","_uf_show_specific_survey":0,"_uf_disable_surveys":false,"footnotes":""},"categories":[21,8],"tags":[383,280,1838,787,235],"class_list":["post-11831","post","type-post","status-publish","format-standard","has-post-thumbnail","hentry","category-cronicas","category-tailgate","tag-atletas","tag-cronica","tag-posicionamento","tag-racismo","tag-wnba","entry","has-media"],"acf":[],"yoast_head":"<!-- This site is optimized with the Yoast SEO plugin v27.4 - https:\/\/yoast.com\/product\/yoast-seo-wordpress\/ -->\n<title>Com o tempo, a voz pesa mais que a chuteira - tailgate zone<\/title>\n<meta name=\"description\" content=\"Quando o atleta deve falar? Um texto sobre amadurecimento, pertencimento e o sil\u00eancio como escolha. Dentro e fora do esporte.\" \/>\n<meta name=\"robots\" content=\"index, follow, max-snippet:-1, max-image-preview:large, max-video-preview:-1\" \/>\n<link rel=\"canonical\" href=\"https:\/\/www.tailgatezone.com.br\/en\/tailgate\/cronicas\/com-o-tempo-a-voz-pesa-mais-que-a-chuteira\/\" \/>\n<meta property=\"og:locale\" content=\"en_US\" \/>\n<meta property=\"og:type\" content=\"article\" \/>\n<meta property=\"og:title\" content=\"Com o tempo, a voz pesa mais que a chuteira - tailgate zone\" \/>\n<meta property=\"og:description\" content=\"Quando o atleta deve falar? Um texto sobre amadurecimento, pertencimento e o sil\u00eancio como escolha. Dentro e fora do esporte.\" \/>\n<meta property=\"og:url\" content=\"https:\/\/www.tailgatezone.com.br\/en\/tailgate\/cronicas\/com-o-tempo-a-voz-pesa-mais-que-a-chuteira\/\" \/>\n<meta property=\"og:site_name\" content=\"tailgate zone\" \/>\n<meta property=\"article:publisher\" content=\"https:\/\/www.facebook.com\/tailgatezone\" \/>\n<meta property=\"article:author\" content=\"https:\/\/www.facebook.com\/felipemclemente\" \/>\n<meta property=\"article:published_time\" content=\"2025-07-11T11:40:01+00:00\" \/>\n<meta property=\"article:modified_time\" content=\"2025-07-11T11:41:22+00:00\" \/>\n<meta property=\"og:image\" content=\"https:\/\/www.tailgatezone.com.br\/wp-content\/uploads\/2025\/07\/com-o-tempo-a-voz-pesa-mais-que-a-chuteira-2.png\" \/>\n\t<meta property=\"og:image:width\" content=\"1280\" \/>\n\t<meta property=\"og:image:height\" content=\"720\" \/>\n\t<meta property=\"og:image:type\" content=\"image\/png\" \/>\n<meta name=\"author\" content=\"Felipe Martins Clemente\" \/>\n<meta name=\"twitter:card\" content=\"summary_large_image\" \/>\n<meta name=\"twitter:creator\" content=\"@_felipeclemente\" \/>\n<meta name=\"twitter:site\" content=\"@tailgatezone_br\" \/>\n<meta name=\"twitter:label1\" content=\"Written by\" \/>\n\t<meta name=\"twitter:data1\" content=\"Felipe Martins Clemente\" \/>\n\t<meta name=\"twitter:label2\" content=\"Est. reading time\" \/>\n\t<meta name=\"twitter:data2\" content=\"7 minutes\" \/>\n<script type=\"application\/ld+json\" class=\"yoast-schema-graph\">{\"@context\":\"https:\\\/\\\/schema.org\",\"@graph\":[{\"@type\":\"Article\",\"@id\":\"https:\\\/\\\/www.tailgatezone.com.br\\\/tailgate\\\/cronicas\\\/com-o-tempo-a-voz-pesa-mais-que-a-chuteira\\\/#article\",\"isPartOf\":{\"@id\":\"https:\\\/\\\/www.tailgatezone.com.br\\\/tailgate\\\/cronicas\\\/com-o-tempo-a-voz-pesa-mais-que-a-chuteira\\\/\"},\"author\":{\"name\":\"Felipe Martins Clemente\",\"@id\":\"https:\\\/\\\/www.tailgatezone.com.br\\\/#\\\/schema\\\/person\\\/bd4b3f68a36113994e6d3d3a86756c1a\"},\"headline\":\"Com o tempo, a voz pesa mais que a chuteira\",\"datePublished\":\"2025-07-11T11:40:01+00:00\",\"dateModified\":\"2025-07-11T11:41:22+00:00\",\"mainEntityOfPage\":{\"@id\":\"https:\\\/\\\/www.tailgatezone.com.br\\\/tailgate\\\/cronicas\\\/com-o-tempo-a-voz-pesa-mais-que-a-chuteira\\\/\"},\"wordCount\":1078,\"commentCount\":0,\"publisher\":{\"@id\":\"https:\\\/\\\/www.tailgatezone.com.br\\\/#organization\"},\"image\":{\"@id\":\"https:\\\/\\\/www.tailgatezone.com.br\\\/tailgate\\\/cronicas\\\/com-o-tempo-a-voz-pesa-mais-que-a-chuteira\\\/#primaryimage\"},\"thumbnailUrl\":\"https:\\\/\\\/www.tailgatezone.com.br\\\/wp-content\\\/uploads\\\/2025\\\/07\\\/com-o-tempo-a-voz-pesa-mais-que-a-chuteira-2.png\",\"keywords\":[\"atletas\",\"cr\u00f4nica\",\"posicionamento\",\"racismo\",\"wnba\"],\"articleSection\":[\"Cr\u00f4nicas\",\"Tailgate\"],\"inLanguage\":\"en-US\",\"potentialAction\":[{\"@type\":\"CommentAction\",\"name\":\"Comment\",\"target\":[\"https:\\\/\\\/www.tailgatezone.com.br\\\/tailgate\\\/cronicas\\\/com-o-tempo-a-voz-pesa-mais-que-a-chuteira\\\/#respond\"]}]},{\"@type\":\"WebPage\",\"@id\":\"https:\\\/\\\/www.tailgatezone.com.br\\\/tailgate\\\/cronicas\\\/com-o-tempo-a-voz-pesa-mais-que-a-chuteira\\\/\",\"url\":\"https:\\\/\\\/www.tailgatezone.com.br\\\/tailgate\\\/cronicas\\\/com-o-tempo-a-voz-pesa-mais-que-a-chuteira\\\/\",\"name\":\"Com o tempo, a voz pesa mais que a chuteira - tailgate zone\",\"isPartOf\":{\"@id\":\"https:\\\/\\\/www.tailgatezone.com.br\\\/#website\"},\"primaryImageOfPage\":{\"@id\":\"https:\\\/\\\/www.tailgatezone.com.br\\\/tailgate\\\/cronicas\\\/com-o-tempo-a-voz-pesa-mais-que-a-chuteira\\\/#primaryimage\"},\"image\":{\"@id\":\"https:\\\/\\\/www.tailgatezone.com.br\\\/tailgate\\\/cronicas\\\/com-o-tempo-a-voz-pesa-mais-que-a-chuteira\\\/#primaryimage\"},\"thumbnailUrl\":\"https:\\\/\\\/www.tailgatezone.com.br\\\/wp-content\\\/uploads\\\/2025\\\/07\\\/com-o-tempo-a-voz-pesa-mais-que-a-chuteira-2.png\",\"datePublished\":\"2025-07-11T11:40:01+00:00\",\"dateModified\":\"2025-07-11T11:41:22+00:00\",\"description\":\"Quando o atleta deve falar? Um texto sobre amadurecimento, pertencimento e o sil\u00eancio como escolha. Dentro e fora do esporte.\",\"breadcrumb\":{\"@id\":\"https:\\\/\\\/www.tailgatezone.com.br\\\/tailgate\\\/cronicas\\\/com-o-tempo-a-voz-pesa-mais-que-a-chuteira\\\/#breadcrumb\"},\"inLanguage\":\"en-US\",\"potentialAction\":[{\"@type\":\"ReadAction\",\"target\":[\"https:\\\/\\\/www.tailgatezone.com.br\\\/tailgate\\\/cronicas\\\/com-o-tempo-a-voz-pesa-mais-que-a-chuteira\\\/\"]}]},{\"@type\":\"ImageObject\",\"inLanguage\":\"en-US\",\"@id\":\"https:\\\/\\\/www.tailgatezone.com.br\\\/tailgate\\\/cronicas\\\/com-o-tempo-a-voz-pesa-mais-que-a-chuteira\\\/#primaryimage\",\"url\":\"https:\\\/\\\/www.tailgatezone.com.br\\\/wp-content\\\/uploads\\\/2025\\\/07\\\/com-o-tempo-a-voz-pesa-mais-que-a-chuteira-2.png\",\"contentUrl\":\"https:\\\/\\\/www.tailgatezone.com.br\\\/wp-content\\\/uploads\\\/2025\\\/07\\\/com-o-tempo-a-voz-pesa-mais-que-a-chuteira-2.png\",\"width\":1280,\"height\":720},{\"@type\":\"BreadcrumbList\",\"@id\":\"https:\\\/\\\/www.tailgatezone.com.br\\\/tailgate\\\/cronicas\\\/com-o-tempo-a-voz-pesa-mais-que-a-chuteira\\\/#breadcrumb\",\"itemListElement\":[{\"@type\":\"ListItem\",\"position\":1,\"name\":\"In\u00edcio\",\"item\":\"https:\\\/\\\/www.tailgatezone.com.br\\\/\"},{\"@type\":\"ListItem\",\"position\":2,\"name\":\"Com o tempo, a voz pesa mais que a chuteira\"}]},{\"@type\":\"WebSite\",\"@id\":\"https:\\\/\\\/www.tailgatezone.com.br\\\/#website\",\"url\":\"https:\\\/\\\/www.tailgatezone.com.br\\\/\",\"name\":\"tailgate zone\",\"description\":\"um assunto s\u00e9rio tratado com muita esportividade\",\"publisher\":{\"@id\":\"https:\\\/\\\/www.tailgatezone.com.br\\\/#organization\"},\"potentialAction\":[{\"@type\":\"SearchAction\",\"target\":{\"@type\":\"EntryPoint\",\"urlTemplate\":\"https:\\\/\\\/www.tailgatezone.com.br\\\/?s={search_term_string}\"},\"query-input\":{\"@type\":\"PropertyValueSpecification\",\"valueRequired\":true,\"valueName\":\"search_term_string\"}}],\"inLanguage\":\"en-US\"},{\"@type\":\"Organization\",\"@id\":\"https:\\\/\\\/www.tailgatezone.com.br\\\/#organization\",\"name\":\"tailgate zone\",\"url\":\"https:\\\/\\\/www.tailgatezone.com.br\\\/\",\"logo\":{\"@type\":\"ImageObject\",\"inLanguage\":\"en-US\",\"@id\":\"https:\\\/\\\/www.tailgatezone.com.br\\\/#\\\/schema\\\/logo\\\/image\\\/\",\"url\":\"https:\\\/\\\/www.tailgatezone.com.br\\\/wp-content\\\/uploads\\\/2022\\\/09\\\/tailgatezone.png\",\"contentUrl\":\"https:\\\/\\\/www.tailgatezone.com.br\\\/wp-content\\\/uploads\\\/2022\\\/09\\\/tailgatezone.png\",\"width\":3894,\"height\":1500,\"caption\":\"tailgate zone\"},\"image\":{\"@id\":\"https:\\\/\\\/www.tailgatezone.com.br\\\/#\\\/schema\\\/logo\\\/image\\\/\"},\"sameAs\":[\"https:\\\/\\\/www.facebook.com\\\/tailgatezone\",\"https:\\\/\\\/x.com\\\/tailgatezone_br\",\"https:\\\/\\\/www.instagram.com\\\/tailgatezone\",\"https:\\\/\\\/youtube.com\\\/tailgatezonebr\"]},{\"@type\":\"Person\",\"@id\":\"https:\\\/\\\/www.tailgatezone.com.br\\\/#\\\/schema\\\/person\\\/bd4b3f68a36113994e6d3d3a86756c1a\",\"name\":\"Felipe Martins Clemente\",\"image\":{\"@type\":\"ImageObject\",\"inLanguage\":\"en-US\",\"@id\":\"https:\\\/\\\/www.tailgatezone.com.br\\\/wp-content\\\/uploads\\\/2023\\\/01\\\/Cle-1024x1024.png\",\"url\":\"https:\\\/\\\/www.tailgatezone.com.br\\\/wp-content\\\/uploads\\\/2023\\\/01\\\/Cle-1024x1024.png\",\"contentUrl\":\"https:\\\/\\\/www.tailgatezone.com.br\\\/wp-content\\\/uploads\\\/2023\\\/01\\\/Cle-1024x1024.png\",\"caption\":\"Felipe Martins Clemente\"},\"description\":\"Um engenheiro da computa\u00e7\u00e3o com especializa\u00e7\u00e3o em gest\u00e3o de projetos, doido por tecnologia, cinema, m\u00fasica e minha fam\u00edlia. Al\u00e9m de tudo isso, sou um eterno apaixonado por esporte e acredito na transforma\u00e7\u00e3o que ele pode causar em cada pessoa. Como um dos idealizadores do tailgate zone, busco levar esse mesmo sentimento de transforma\u00e7\u00e3o (atrav\u00e9s do esporte) para outras pessoas. Tamb\u00e9m quero mostrar que a beleza do jogo vai muito al\u00e9m daquela hail mary ou de um buzzer beater para ganhar o campeonato, e que a parte alta na nona entrada, pode ser uma das coisas mais emocionantes da sua vida.\",\"sameAs\":[\"https:\\\/\\\/www.facebook.com\\\/felipemclemente\",\"https:\\\/\\\/www.instagram.com\\\/felipe_clemente\",\"https:\\\/\\\/x.com\\\/_felipeclemente\"],\"url\":\"https:\\\/\\\/www.tailgatezone.com.br\\\/en\\\/author\\\/felipeclemente\\\/\"}]}<\/script>\n<!-- \/ Yoast SEO plugin. -->","yoast_head_json":{"title":"Com o tempo, a voz pesa mais que a chuteira - tailgate zone","description":"Quando o atleta deve falar? Um texto sobre amadurecimento, pertencimento e o sil\u00eancio como escolha. Dentro e fora do esporte.","robots":{"index":"index","follow":"follow","max-snippet":"max-snippet:-1","max-image-preview":"max-image-preview:large","max-video-preview":"max-video-preview:-1"},"canonical":"https:\/\/www.tailgatezone.com.br\/en\/tailgate\/cronicas\/com-o-tempo-a-voz-pesa-mais-que-a-chuteira\/","og_locale":"en_US","og_type":"article","og_title":"Com o tempo, a voz pesa mais que a chuteira - tailgate zone","og_description":"Quando o atleta deve falar? Um texto sobre amadurecimento, pertencimento e o sil\u00eancio como escolha. Dentro e fora do esporte.","og_url":"https:\/\/www.tailgatezone.com.br\/en\/tailgate\/cronicas\/com-o-tempo-a-voz-pesa-mais-que-a-chuteira\/","og_site_name":"tailgate zone","article_publisher":"https:\/\/www.facebook.com\/tailgatezone","article_author":"https:\/\/www.facebook.com\/felipemclemente","article_published_time":"2025-07-11T11:40:01+00:00","article_modified_time":"2025-07-11T11:41:22+00:00","og_image":[{"width":1280,"height":720,"url":"https:\/\/www.tailgatezone.com.br\/wp-content\/uploads\/2025\/07\/com-o-tempo-a-voz-pesa-mais-que-a-chuteira-2.png","type":"image\/png"}],"author":"Felipe Martins Clemente","twitter_card":"summary_large_image","twitter_creator":"@_felipeclemente","twitter_site":"@tailgatezone_br","twitter_misc":{"Written by":"Felipe Martins Clemente","Est. reading time":"7 minutes"},"schema":{"@context":"https:\/\/schema.org","@graph":[{"@type":"Article","@id":"https:\/\/www.tailgatezone.com.br\/tailgate\/cronicas\/com-o-tempo-a-voz-pesa-mais-que-a-chuteira\/#article","isPartOf":{"@id":"https:\/\/www.tailgatezone.com.br\/tailgate\/cronicas\/com-o-tempo-a-voz-pesa-mais-que-a-chuteira\/"},"author":{"name":"Felipe Martins Clemente","@id":"https:\/\/www.tailgatezone.com.br\/#\/schema\/person\/bd4b3f68a36113994e6d3d3a86756c1a"},"headline":"Com o tempo, a voz pesa mais que a chuteira","datePublished":"2025-07-11T11:40:01+00:00","dateModified":"2025-07-11T11:41:22+00:00","mainEntityOfPage":{"@id":"https:\/\/www.tailgatezone.com.br\/tailgate\/cronicas\/com-o-tempo-a-voz-pesa-mais-que-a-chuteira\/"},"wordCount":1078,"commentCount":0,"publisher":{"@id":"https:\/\/www.tailgatezone.com.br\/#organization"},"image":{"@id":"https:\/\/www.tailgatezone.com.br\/tailgate\/cronicas\/com-o-tempo-a-voz-pesa-mais-que-a-chuteira\/#primaryimage"},"thumbnailUrl":"https:\/\/www.tailgatezone.com.br\/wp-content\/uploads\/2025\/07\/com-o-tempo-a-voz-pesa-mais-que-a-chuteira-2.png","keywords":["atletas","cr\u00f4nica","posicionamento","racismo","wnba"],"articleSection":["Cr\u00f4nicas","Tailgate"],"inLanguage":"en-US","potentialAction":[{"@type":"CommentAction","name":"Comment","target":["https:\/\/www.tailgatezone.com.br\/tailgate\/cronicas\/com-o-tempo-a-voz-pesa-mais-que-a-chuteira\/#respond"]}]},{"@type":"WebPage","@id":"https:\/\/www.tailgatezone.com.br\/tailgate\/cronicas\/com-o-tempo-a-voz-pesa-mais-que-a-chuteira\/","url":"https:\/\/www.tailgatezone.com.br\/tailgate\/cronicas\/com-o-tempo-a-voz-pesa-mais-que-a-chuteira\/","name":"Com o tempo, a voz pesa mais que a chuteira - tailgate zone","isPartOf":{"@id":"https:\/\/www.tailgatezone.com.br\/#website"},"primaryImageOfPage":{"@id":"https:\/\/www.tailgatezone.com.br\/tailgate\/cronicas\/com-o-tempo-a-voz-pesa-mais-que-a-chuteira\/#primaryimage"},"image":{"@id":"https:\/\/www.tailgatezone.com.br\/tailgate\/cronicas\/com-o-tempo-a-voz-pesa-mais-que-a-chuteira\/#primaryimage"},"thumbnailUrl":"https:\/\/www.tailgatezone.com.br\/wp-content\/uploads\/2025\/07\/com-o-tempo-a-voz-pesa-mais-que-a-chuteira-2.png","datePublished":"2025-07-11T11:40:01+00:00","dateModified":"2025-07-11T11:41:22+00:00","description":"Quando o atleta deve falar? Um texto sobre amadurecimento, pertencimento e o sil\u00eancio como escolha. Dentro e fora do esporte.","breadcrumb":{"@id":"https:\/\/www.tailgatezone.com.br\/tailgate\/cronicas\/com-o-tempo-a-voz-pesa-mais-que-a-chuteira\/#breadcrumb"},"inLanguage":"en-US","potentialAction":[{"@type":"ReadAction","target":["https:\/\/www.tailgatezone.com.br\/tailgate\/cronicas\/com-o-tempo-a-voz-pesa-mais-que-a-chuteira\/"]}]},{"@type":"ImageObject","inLanguage":"en-US","@id":"https:\/\/www.tailgatezone.com.br\/tailgate\/cronicas\/com-o-tempo-a-voz-pesa-mais-que-a-chuteira\/#primaryimage","url":"https:\/\/www.tailgatezone.com.br\/wp-content\/uploads\/2025\/07\/com-o-tempo-a-voz-pesa-mais-que-a-chuteira-2.png","contentUrl":"https:\/\/www.tailgatezone.com.br\/wp-content\/uploads\/2025\/07\/com-o-tempo-a-voz-pesa-mais-que-a-chuteira-2.png","width":1280,"height":720},{"@type":"BreadcrumbList","@id":"https:\/\/www.tailgatezone.com.br\/tailgate\/cronicas\/com-o-tempo-a-voz-pesa-mais-que-a-chuteira\/#breadcrumb","itemListElement":[{"@type":"ListItem","position":1,"name":"In\u00edcio","item":"https:\/\/www.tailgatezone.com.br\/"},{"@type":"ListItem","position":2,"name":"Com o tempo, a voz pesa mais que a chuteira"}]},{"@type":"WebSite","@id":"https:\/\/www.tailgatezone.com.br\/#website","url":"https:\/\/www.tailgatezone.com.br\/","name":"tailgate zone","description":"omething as serious as the bottom of the ninth","publisher":{"@id":"https:\/\/www.tailgatezone.com.br\/#organization"},"potentialAction":[{"@type":"SearchAction","target":{"@type":"EntryPoint","urlTemplate":"https:\/\/www.tailgatezone.com.br\/?s={search_term_string}"},"query-input":{"@type":"PropertyValueSpecification","valueRequired":true,"valueName":"search_term_string"}}],"inLanguage":"en-US"},{"@type":"Organization","@id":"https:\/\/www.tailgatezone.com.br\/#organization","name":"tailgate zone","url":"https:\/\/www.tailgatezone.com.br\/","logo":{"@type":"ImageObject","inLanguage":"en-US","@id":"https:\/\/www.tailgatezone.com.br\/#\/schema\/logo\/image\/","url":"https:\/\/www.tailgatezone.com.br\/wp-content\/uploads\/2022\/09\/tailgatezone.png","contentUrl":"https:\/\/www.tailgatezone.com.br\/wp-content\/uploads\/2022\/09\/tailgatezone.png","width":3894,"height":1500,"caption":"tailgate zone"},"image":{"@id":"https:\/\/www.tailgatezone.com.br\/#\/schema\/logo\/image\/"},"sameAs":["https:\/\/www.facebook.com\/tailgatezone","https:\/\/x.com\/tailgatezone_br","https:\/\/www.instagram.com\/tailgatezone","https:\/\/youtube.com\/tailgatezonebr"]},{"@type":"Person","@id":"https:\/\/www.tailgatezone.com.br\/#\/schema\/person\/bd4b3f68a36113994e6d3d3a86756c1a","name":"Felipe Martins Clemente","image":{"@type":"ImageObject","inLanguage":"en-US","@id":"https:\/\/www.tailgatezone.com.br\/wp-content\/uploads\/2023\/01\/Cle-1024x1024.png","url":"https:\/\/www.tailgatezone.com.br\/wp-content\/uploads\/2023\/01\/Cle-1024x1024.png","contentUrl":"https:\/\/www.tailgatezone.com.br\/wp-content\/uploads\/2023\/01\/Cle-1024x1024.png","caption":"Felipe Martins Clemente"},"description":"Um engenheiro da computa\u00e7\u00e3o com especializa\u00e7\u00e3o em gest\u00e3o de projetos, doido por tecnologia, cinema, m\u00fasica e minha fam\u00edlia. Al\u00e9m de tudo isso, sou um eterno apaixonado por esporte e acredito na transforma\u00e7\u00e3o que ele pode causar em cada pessoa. Como um dos idealizadores do tailgate zone, busco levar esse mesmo sentimento de transforma\u00e7\u00e3o (atrav\u00e9s do esporte) para outras pessoas. Tamb\u00e9m quero mostrar que a beleza do jogo vai muito al\u00e9m daquela hail mary ou de um buzzer beater para ganhar o campeonato, e que a parte alta na nona entrada, pode ser uma das coisas mais emocionantes da sua vida.","sameAs":["https:\/\/www.facebook.com\/felipemclemente","https:\/\/www.instagram.com\/felipe_clemente","https:\/\/x.com\/_felipeclemente"],"url":"https:\/\/www.tailgatezone.com.br\/en\/author\/felipeclemente\/"}]}},"uagb_featured_image_src":{"full":["https:\/\/www.tailgatezone.com.br\/wp-content\/uploads\/2025\/07\/com-o-tempo-a-voz-pesa-mais-que-a-chuteira-2.png",1280,720,false],"thumbnail":["https:\/\/www.tailgatezone.com.br\/wp-content\/uploads\/2025\/07\/com-o-tempo-a-voz-pesa-mais-que-a-chuteira-2-150x150.png",150,150,true],"medium":["https:\/\/www.tailgatezone.com.br\/wp-content\/uploads\/2025\/07\/com-o-tempo-a-voz-pesa-mais-que-a-chuteira-2-300x169.png",300,169,true],"medium_large":["https:\/\/www.tailgatezone.com.br\/wp-content\/uploads\/2025\/07\/com-o-tempo-a-voz-pesa-mais-que-a-chuteira-2-768x432.png",768,432,true],"large":["https:\/\/www.tailgatezone.com.br\/wp-content\/uploads\/2025\/07\/com-o-tempo-a-voz-pesa-mais-que-a-chuteira-2-1024x576.png",1024,576,true],"1536x1536":["https:\/\/www.tailgatezone.com.br\/wp-content\/uploads\/2025\/07\/com-o-tempo-a-voz-pesa-mais-que-a-chuteira-2.png",1280,720,false],"2048x2048":["https:\/\/www.tailgatezone.com.br\/wp-content\/uploads\/2025\/07\/com-o-tempo-a-voz-pesa-mais-que-a-chuteira-2.png",1280,720,false],"trp-custom-language-flag":["https:\/\/www.tailgatezone.com.br\/wp-content\/uploads\/2025\/07\/com-o-tempo-a-voz-pesa-mais-que-a-chuteira-2-18x10.png",18,10,true],"ocean-thumb-m":["https:\/\/www.tailgatezone.com.br\/wp-content\/uploads\/2025\/07\/com-o-tempo-a-voz-pesa-mais-que-a-chuteira-2-600x600.png",600,600,true],"ocean-thumb-ml":["https:\/\/www.tailgatezone.com.br\/wp-content\/uploads\/2025\/07\/com-o-tempo-a-voz-pesa-mais-que-a-chuteira-2-800x450.png",800,450,true],"ocean-thumb-l":["https:\/\/www.tailgatezone.com.br\/wp-content\/uploads\/2025\/07\/com-o-tempo-a-voz-pesa-mais-que-a-chuteira-2-1200x700.png",1200,700,true]},"uagb_author_info":{"display_name":"Felipe Martins Clemente","author_link":"https:\/\/www.tailgatezone.com.br\/en\/author\/felipeclemente\/"},"uagb_comment_info":3,"uagb_excerpt":"Esses dias brinquei no meu Instagram que se o Felipe do futuro me dissesse que tudo aconteceria em 2025, eu duvidaria demais. E nesse ano, bem fora do padr\u00e3o tradicional da minha vida, confesso que o viver na \u00c1sia tem me trazido mais momentos de reflex\u00e3o do que o normal! N\u00e3o vou colocar a responsabilidade&hellip;","_links":{"self":[{"href":"https:\/\/www.tailgatezone.com.br\/en\/wp-json\/wp\/v2\/posts\/11831","targetHints":{"allow":["GET"]}}],"collection":[{"href":"https:\/\/www.tailgatezone.com.br\/en\/wp-json\/wp\/v2\/posts"}],"about":[{"href":"https:\/\/www.tailgatezone.com.br\/en\/wp-json\/wp\/v2\/types\/post"}],"author":[{"embeddable":true,"href":"https:\/\/www.tailgatezone.com.br\/en\/wp-json\/wp\/v2\/users\/2"}],"replies":[{"embeddable":true,"href":"https:\/\/www.tailgatezone.com.br\/en\/wp-json\/wp\/v2\/comments?post=11831"}],"version-history":[{"count":3,"href":"https:\/\/www.tailgatezone.com.br\/en\/wp-json\/wp\/v2\/posts\/11831\/revisions"}],"predecessor-version":[{"id":11837,"href":"https:\/\/www.tailgatezone.com.br\/en\/wp-json\/wp\/v2\/posts\/11831\/revisions\/11837"}],"wp:featuredmedia":[{"embeddable":true,"href":"https:\/\/www.tailgatezone.com.br\/en\/wp-json\/wp\/v2\/media\/11834"}],"wp:attachment":[{"href":"https:\/\/www.tailgatezone.com.br\/en\/wp-json\/wp\/v2\/media?parent=11831"}],"wp:term":[{"taxonomy":"category","embeddable":true,"href":"https:\/\/www.tailgatezone.com.br\/en\/wp-json\/wp\/v2\/categories?post=11831"},{"taxonomy":"post_tag","embeddable":true,"href":"https:\/\/www.tailgatezone.com.br\/en\/wp-json\/wp\/v2\/tags?post=11831"}],"curies":[{"name":"wp","href":"https:\/\/api.w.org\/{rel}","templated":true}]}}