{"id":2041,"date":"2020-03-17T14:08:35","date_gmt":"2020-03-17T17:08:35","guid":{"rendered":"http:\/\/www.tailgatezone.com.br\/?p=2041"},"modified":"2023-03-17T15:52:13","modified_gmt":"2023-03-17T18:52:13","slug":"sao-patricio-o-padroeiro-do-tailgate-zone-viva","status":"publish","type":"post","link":"https:\/\/www.tailgatezone.com.br\/en\/tailgate\/cronicas\/sao-patricio-o-padroeiro-do-tailgate-zone-viva\/","title":{"rendered":"S\u00e3o Patr\u00edcio, o padroeiro do tailgate zone. Viva!"},"content":{"rendered":"<p>Desde o come\u00e7o do ano tanta gente come\u00e7ou a ser cancelada, que a COVID-19 (que falamos <a href=\"http:\/\/www.tailgatezone.com.br\/en\/tailgate\/cronicas\/covid-19-ele-chegou-e-parou-nossas-ligas\/\">aqui<\/a>) resolveu fazer o mesmo. O v\u00edrus saiu cancelado todos os eventos ao redor do mundo; festas particulares, nossas ligas t\u00e3o amadas; seja de futebol, ou ent\u00e3o dos esportes americanos.<\/p>\n\n\n\n<figure class=\"wp-block-embed aligncenter is-type-rich is-provider-twitter wp-block-embed-twitter\"><div class=\"wp-block-embed__wrapper\">\n<div class=\"oceanwp-oembed-wrap clr\"><blockquote class=\"twitter-tweet\" data-width=\"550\" data-dnt=\"true\"><p lang=\"en\" dir=\"ltr\">Day 2 without sports:<br><br>Found a young lady sitting on my couch yesterday. Apparently she\u2019s my wife. She seems nice.<\/p>&mdash; JR (@IsoJoeJR) <a href=\"https:\/\/twitter.com\/IsoJoeJR\/status\/1238503576005152770?ref_src=twsrc%5Etfw\">March 13, 2020<\/a><\/blockquote><script async src=\"https:\/\/platform.twitter.com\/widgets.js\" charset=\"utf-8\"><\/script><\/div>\n<\/div><\/figure>\n\n\n\n<p>Enfim, estamos em t\u00e3o completa abstin\u00eancia de esportes que descobrimos coisas nov\u00edssimas nesses \u00faltimos dias. Entretanto, a COVID-19 passou dos limites do aceit\u00e1vel e est\u00e1 come\u00e7ando a nos indicar que a pr\u00f3xima crise de abstin\u00eancia ser\u00e1 ainda pior. Afinal, nos deixem sem jogos ao vivo, mas n\u00e3o nos deixem sem comemorar o dia mais importante do ano, o Dia de S\u00e3o Patr\u00edcio. O padroeiro da Irlanda e tamb\u00e9m do tailgate zone!<\/p>\n\n\n\n<p>Bem, especialmente na \u00faltima d\u00e9cada, as comemora\u00e7\u00f5es de S\u00e3o Patr\u00edcio deixaram de ser exclusivas da Irlanda e de todos os outros pa\u00edses de l\u00edngua inglesa. A festa come\u00e7ou a ser comum em terras tupiniquins e talvez, s\u00f3 n\u00e3o sejam festas mais animadas que na Irlanda; afinal, n\u00f3s sabemos dar uma festa.<\/p>\n\n\n\n<p>Acredito que se voc\u00ea chegou at\u00e9 o tailgate zone, acompanha nosso site, nos segue nas redes sociais, etc, muito provavelmente conhece esse dia e at\u00e9 \u00e9 adepto da festa. No entanto, como sempre falamos, o tailgate zone \u00e9 para todo mundo, \u00e9 de todo mundo, ent\u00e3o n\u00e3o poder\u00edamos passar esse dia sem explicar o que \u00e9 essa comemora\u00e7\u00e3o; e tamb\u00e9m quem \u00e9, esse nosso padroeiro.<\/p>\n\n\n<div class=\"wp-block-image\">\n<figure class=\"aligncenter is-resized\"><img fetchpriority=\"high\" decoding=\"async\" src=\"https:\/\/i.pinimg.com\/originals\/62\/ee\/23\/62ee23e06d9c2fa019d52b6dfef9a410.png\" alt=\"O leprechaun \u00e9 um s\u00edmbolo do dia de S\u00e3o Patr\u00edcio.\" width=\"452\" height=\"491\"\/><figcaption class=\"wp-element-caption\">O leprechaun, esse ser simp\u00e1tico, faz parte da festa.<br>Fonte: Pinterest<\/figcaption><\/figure>\n<\/div>\n\n\n<h4 class=\"wp-block-heading\">S\u00e3o Patr\u00edcio<\/h4>\n\n\n\n<p>Apesar de por um certo tempo existir a cren\u00e7a de que S\u00e3o Patr\u00edcio era um santo mitol\u00f3gico, a hist\u00f3ria n\u00e3o \u00e9 essa. Existem relatos deixados por ele, que contam sua hist\u00f3ria.\u00a0Patr\u00edcio nasceu na\u00a0Gr\u00e3-Bretranha e aos 16 anos foi capturado e escravizado por piratas irlandeses. Por seis anos ele viveu como escravo e ent\u00e3o, segundo confiss\u00f5es dele, Deus disse-lhe, em sonhos, para fugir de seu cativeiro em dire\u00e7\u00e3o ao litoral, onde embarcaria num navio e retornaria \u00e0 Gr\u00e3-Bretanha.<\/p>\n\n\n\n<p>Ent\u00e3o, Patr\u00edcio segue o que lhe foi dito em sonhos, consegue escapar do cativeiro e vai parar em Auxerre, na G\u00e1lia (atual Fran\u00e7a), onde passa alguns anos no Mosteiro de \u00c9sir. L\u00e1 ele entra de cabe\u00e7a na vida religiosa, com orienta\u00e7\u00f5es de um bispo chamado Germano. Alguns anos depois, em 432, Patr\u00edcio \u00e9 convidado a retornar \u00e0 Irlanda como bispo, no intuito de evangelizar os celtas. S\u00e3o Patr\u00edcio evangelizou irlandeses por quase 30 anos, e acreditam ele viveu at\u00e9 uma idade bem avan\u00e7ada<\/p>\n\n\n<div class=\"wp-block-image\">\n<figure class=\"aligncenter is-resized\"><img decoding=\"async\" src=\"https:\/\/images.freeimages.com\/images\/large-previews\/38c\/glendalough-celtic-cross-1440886.jpg\" alt=\"A cruz celta.\" width=\"450\" height=\"600\"\/><figcaption class=\"wp-element-caption\">No intuito de integrar celtas e crist\u00e3os, acredita-se que S\u00e3o Patr\u00edcio resolveu unir a cruz solar, com a cruz crist\u00e3, formando a cruz celta.<br>Fonte: Free Images<\/figcaption><\/figure>\n<\/div>\n\n\n<h4 class=\"wp-block-heading\">O legado de Patr\u00edcio<\/h4>\n\n\n\n<p>Acreditam que Patr\u00edcio morreu de causas naturais em dia 17 de mar\u00e7o de 460.\u00a0No entanto, segundo o Livro de Armagh, um manuscrito do s\u00e9culo 9, \u00e9 dito que ele morreu em 493, quando tinha seus 120 anos! Independente da data, S\u00e3o Patr\u00edcio foi muito importante para a igreja cat\u00f3lica na Irlanda. J\u00e1 que foi capaz de promover um clero nativo irland\u00eas e ainda realizar uma integra\u00e7\u00e3o muito delicada entre a f\u00e9 Crist\u00e3 e a cultura c\u00e9ltica-irlandesa.<\/p>\n\n\n\n<p>O t\u00famulo de S\u00e3o Patr\u00edcio fica em Downpatrick, na Irlanda do Norte e at\u00e9 hoje \u00e9 local de peregrina\u00e7\u00e3o para crist\u00e3os do mundo todo. Fora seus feitos importantes para a Igreja Cat\u00f3lica na Irlanda, existem muitos milagres que s\u00e3o atribu\u00eddos ao santo, mas sem muitos relatos. Mas mesmo assim, existe um que \u00e9 bem famoso e que voc\u00ea j\u00e1 deve ter ouvido.<\/p>\n\n\n<div class=\"wp-block-image\">\n<figure class=\"aligncenter is-resized\"><img decoding=\"async\" src=\"https:\/\/i2.wp.com\/metro.co.uk\/wp-content\/uploads\/2017\/03\/518160422.jpg?quality=90&amp;strip=all&amp;zoom=1&amp;resize=540%2C1007&amp;ssl=1\" alt=\"\" width=\"405\" height=\"755\"\/><figcaption class=\"wp-element-caption\">S\u00e3o Patr\u00edcio<br>Fonte: Getty Images<\/figcaption><\/figure>\n<\/div>\n\n\n<h4 class=\"wp-block-heading\">Milagre e folclore<\/h4>\n\n\n\n<p>Segundo alguns contos, ap\u00f3s S\u00e3o Patr\u00edcio jejuar por 40 dias numa montanha, ele foi atacado por uma serpente. Logo ap\u00f3s o ataque, dizem que ele amaldi\u00e7oou e baniu todas elas do pa\u00eds, fazendo com que o n\u00famero de serpentes da Irlanda ca\u00edssem drasticamente. Por esse motivo, muitos quadros que representam o santo, mostram ele matando uma serpente com um cajado.<\/p>\n\n\n\n<p>No entanto, \u00e9 v\u00e1lido contar, que n\u00e3o existem registros de f\u00f3sseis de qualquer tipo de serpente da Irlanda. Isso se d\u00e1 basicamente, pelo seu isolamento geogr\u00e1fico. Mas, se voc\u00ea estiver no bar e ouvir o amiguinho contanto essa hist\u00f3ria, pode deixar, pois isso faz parte de S\u00e3o Patr\u00edcio. Existe tamb\u00e9m, um folclore irland\u00eas que diz, que S\u00e3o Patr\u00edcio usava um trevo de tr\u00eas colhas para explicar a doutrina da Sant\u00edssima Trindade.<\/p>\n\n\n\n<p>Ou seja, para os n\u00e3o conhecedores, a Sant\u00edssima Trindade \u00e9 Deus em tr\u00eas pessoas distintas; Pai, Filho e Esp\u00edrito Santo. Uma curiosidade, \u00e9 que a cor relacionada a S\u00e3o Patr\u00edcio era o azul. No entanto, pelo folclore do trevo e tamb\u00e9m pela predomin\u00e2ncia do verde na Irlanda, a festa \u00e9 marcada pela cor verde. Isso tamb\u00e9m foi se intensificando ao passar dos anos. Por exemplo, durante a rebeli\u00e3o irlandesa de 1798, soldados irlandeses vestiram uniformes verdes no dia 17 de mar\u00e7o na esperan\u00e7a de chamar a aten\u00e7\u00e3o p\u00fablica para a rebeli\u00e3o.<\/p>\n\n\n\n<p>Inclusive, dessa \u00e9poca surgiu uma express\u00e3o irlandesa, a &#8220;the wearing of the green&#8221;; em portugu\u00eas, &#8220;usando o verde&#8221;. Essa express\u00e3o significa usar um trevo ou ent\u00e3o outra pe\u00e7a de roupa que seja verde, para lembrar os soldados da rebeli\u00e3o irlandesa. A partir dessa express\u00e3o tamb\u00e9m fora criadas m\u00fasicas, existem v\u00e1rias vers\u00f5es, mas o mote de todas, \u00e9 o lamento pela repress\u00e3o sofrida pelos apoiadores da rebeli\u00e3o de 1798.<\/p>\n\n\n<div class=\"wp-block-image\">\n<figure class=\"aligncenter\"><img decoding=\"async\" src=\"https:\/\/cdn.britannica.com\/s:575x450\/93\/174793-004-D8F92380.jpg\" alt=\"O folclore irland\u00eas, diz que S\u00e3o Patr\u00edcio usava o trevo de tr\u00eas folhas para explicar a doutrina da Sant\u00edssima Trindade.\"\/><figcaption class=\"wp-element-caption\">O trevo de tr\u00eas folhas.<br>Fonte: Focal Point &#8211; iStock\/Thinkstock<\/figcaption><\/figure>\n<\/div>\n\n\n<h4 class=\"wp-block-heading\">A festa<\/h4>\n\n\n\n<p>Saindo da hist\u00f3ria, mas tamb\u00e9m n\u00e3o saindo tanto. Afinal, de onde vem essa festa? Bem, se voc\u00ea reparou, o dia de S\u00e3o patr\u00edcio cai bem no meio da quaresma. Pois \u00e9, justamente nesse per\u00edodo onde todos tradicionalmente &#8220;passavam&#8221; fome em respeito ao sacrif\u00edcio de Jesus Cristo. Por isso todas as festas e comemora\u00e7\u00f5es eram proibidas. Esse colunista que o diga, quase n\u00e3o consegue casar por pouca op\u00e7\u00e3o de igreja celebrando casamentos durante a quaresma.<\/p>\n\n\n\n<p>Enfim, o dia de S\u00e3o Patr\u00edcio era um feriado religioso dentro da quaresma em que a Igreja Cat\u00f3lica da Irlanda abria uma exce\u00e7\u00e3o e a galera se esbaldava de comer e beber. Apenas em 1903 \u00e9 que o feriado virou p\u00fablico. J\u00e1 em 1999, S\u00e3o Patr\u00edcio tornou-se um evento de tr\u00eas dias e no ano seguinte, 2000, virou um evento de quatro dias. Mas os Irlandeses tamb\u00e9m sabem fazer uma festa e em 2006 passou a ser um festival que dura <strong>cinco dias<\/strong>.<\/p>\n\n\n\n<h4 class=\"wp-block-heading\">Comemora\u00e7\u00f5es<\/h4>\n\n\n\n<p>Se podemos fazer um paralelo com o Brasil, o dia de S\u00e3o Patr\u00edcio \u00e9 como se fosse um Carnaval para eles. Durante o dia, irlandeses v\u00e3o as ruas fantasiados e participam de desfiles, com fogos de artif\u00edcios, acrobacias, diversos shows e at\u00e9 rio \u00e9 &#8220;pintado&#8221; de verde por l\u00e1. Enquanto isso os pubs montam programa\u00e7\u00f5es especiais, com desconto em bebidas e repleto de m\u00fasica. E n\u00e3o \u00e9 s\u00f3 na Irlanda que a festa bomba!<\/p>\n\n\n\n<p>Nos Estados Unidos algumas cidades preparam coisas interessantes. Em Chicago, por exemplo, desde 1962, o Rio Chicago fica verde e em Nova York, desde 1964, o topo do Empire State Building tamb\u00e9m fica verde. Ali\u00e1s, um ponto curioso; o maior desfile de S\u00e3o Patr\u00edcio n\u00e3o acontece na Irlanda, acontece em Nova Iorque mesmo. Indo um pouco mais pra cima, l\u00e1 no Canad\u00e1, tamb\u00e9m temos comemora\u00e7\u00e3o e &#8220;pintaram&#8221; as \u00e1guas do\u00a0Niagara Falls.<\/p>\n\n\n<div class=\"wp-block-image\">\n<figure class=\"aligncenter is-resized\"><img loading=\"lazy\" decoding=\"async\" src=\"http:\/\/thedialog.org\/wp-content\/uploads\/2020\/03\/0313.CNS-DUBLIN-ST-PATS-PARADE-scaled.jpg\" alt=\"Olha que loucura na Irlanda!\" width=\"640\" height=\"368\"\/><figcaption class=\"wp-element-caption\">A parada do Dia de S\u00e3o Patr\u00edcio em Dublin, no ano passado. Nesse ano a parada foi cancelada por causa do Covid-19.<br>Fonte: CNS photo \/ Niall Carson, Reuters<\/figcaption><\/figure>\n<\/div>\n\n<div class=\"wp-block-image\">\n<figure class=\"aligncenter is-resized\"><img loading=\"lazy\" decoding=\"async\" src=\"https:\/\/www.esbnyc.com\/sites\/default\/files\/esb_spd1_4.jpg\" alt=\"o Dia de S\u00e3o Patr\u00edcio \u00e9 comemorado em v\u00e1rios lugares pelo mundo.\" width=\"600\" height=\"600\"\/><figcaption class=\"wp-element-caption\">O topo do Empire State Building iluminado de verde; e com as cores da Irlanda (2019).<br>Fonte: Site do Empire State Building<\/figcaption><\/figure>\n<\/div>\n\n<div class=\"wp-block-image\">\n<figure class=\"aligncenter is-resized\"><img loading=\"lazy\" decoding=\"async\" src=\"https:\/\/irishamerica.com\/wp-content\/uploads\/2012\/02\/Niagra-Falls-Green.jpg\" alt=\"At\u00e9 as cataratas entraram na onda.\" width=\"600\" height=\"367\"\/><figcaption class=\"wp-element-caption\">O Niagara Falls esverdeado.<br>Fonte: Site Tourism Ireland<\/figcaption><\/figure>\n<\/div>\n\n\n<h4 class=\"wp-block-heading\">Tradi\u00e7\u00f5es<\/h4>\n\n\n\n<p>Bom, j\u00e1 antecipei que o <em>Coronga<\/em> deu uma <em>&#8220;moiada&#8221;<\/em> no nosso dia de S\u00e3o Patr\u00edcio, mas n\u00f3s somos parceiros e vamos mostrar algumas tradi\u00e7\u00f5es para que voc\u00ea consiga levar a festa para o seu per\u00edodo de &#8220;quarentena covid-19&#8221;.<\/p>\n\n\n\n<h5 class=\"wp-block-heading\">O CHOPP VERDE<\/h5>\n\n\n\n<p>O chopp que vem tingido de verde foi criado exclusivamente para o dia de S\u00e3o Patr\u00edcio, mas n\u00e3o pense que \u00e9 algo diferente. Na Irlanda eles ainda costumam colocar um <em>shot<\/em> de menta, mas na verdade \u00e9 s\u00f3 um corante aliment\u00edcio que \u00e9 jogado numa Lager, numa Pilsen, ou no chopp claro que for.<\/p>\n\n\n<div class=\"wp-block-image\">\n<figure class=\"aligncenter is-resized\"><img loading=\"lazy\" decoding=\"async\" src=\"https:\/\/bessa-static.gazetadopovo.com.br\/wp-content\/uploads\/2018\/03\/BESSA_FOTO-6.jpg\" alt=\"Chopp verde s\u00f3 em casa hoje.\" width=\"640\" height=\"470\"\/><figcaption class=\"wp-element-caption\">Hoje o chopp verde tem que ser feito em casa, separa o corante verde!<br>Fonte: Gazeta do Povo<\/figcaption><\/figure>\n<\/div>\n\n\n<h5 class=\"wp-block-heading\">GUINNESS<\/h5>\n\n\n\n<p>L\u00f3gico que numa festa irlandesa n\u00e3o poderia faltar a breja deles. A Stout mais famosa do mundo \u00e9 o carro chefe da festa e eu to salivando s\u00f3 de lembrar. S\u00f3 como curiosidade, no mundo inteiro, no dia 17 de mar\u00e7o, o consumo da Guinness aumenta cerca de 8 milh\u00f5es de litros.<\/p>\n\n\n<div class=\"wp-block-image\">\n<figure class=\"aligncenter size-large is-resized\"><img loading=\"lazy\" decoding=\"async\" src=\"https:\/\/www.tailgatezone.com.br\/wp-content\/uploads\/2023\/03\/j7i4kaw0tyluuosv0aboaub53ye2-1-768x1024.jpeg\" alt=\"A cerveja mais tomada no dia de S\u00e3o Patr\u00edcio.\" class=\"wp-image-9171\" width=\"384\" height=\"512\" srcset=\"https:\/\/www.tailgatezone.com.br\/wp-content\/uploads\/2023\/03\/j7i4kaw0tyluuosv0aboaub53ye2-1-768x1024.jpeg 768w, https:\/\/www.tailgatezone.com.br\/wp-content\/uploads\/2023\/03\/j7i4kaw0tyluuosv0aboaub53ye2-1-225x300.jpeg 225w, https:\/\/www.tailgatezone.com.br\/wp-content\/uploads\/2023\/03\/j7i4kaw0tyluuosv0aboaub53ye2-1-1152x1536.jpeg 1152w, https:\/\/www.tailgatezone.com.br\/wp-content\/uploads\/2023\/03\/j7i4kaw0tyluuosv0aboaub53ye2-1-1536x2048.jpeg 1536w, https:\/\/www.tailgatezone.com.br\/wp-content\/uploads\/2023\/03\/j7i4kaw0tyluuosv0aboaub53ye2-1-9x12.jpeg 9w, https:\/\/www.tailgatezone.com.br\/wp-content\/uploads\/2023\/03\/j7i4kaw0tyluuosv0aboaub53ye2-1.jpeg 1800w\" sizes=\"(max-width: 384px) 100vw, 384px\" \/><figcaption class=\"wp-element-caption\">Olha que propaganda!<br>Fonte: Ads of the world<\/figcaption><\/figure>\n<\/div>\n\n\n<h5 class=\"wp-block-heading\">WHISKEY IRLAND\u00caS<\/h5>\n\n\n\n<p>A fama do whiskey \u00e9 da &#8220;vizinha&#8221; Esc\u00f3cia, mas em qualquer pub no dia de S\u00e3o Patr\u00edcio, \u00e9 bebida obrigat\u00f3ria. At\u00e9 pelo motivo de alguns historiadores dizerem que o whiskey foi criado na Irlanda. Um detalhe sobre eles, \u00e9 que a escola irlandesa de whiskey \u00e9 famosa por criar uma bebida mais suave e adocicada. Os principais nomes s\u00e3o o Jameson e o Bushmills.<\/p>\n\n\n<div class=\"wp-block-image\">\n<figure class=\"aligncenter is-resized\"><img loading=\"lazy\" decoding=\"async\" src=\"https:\/\/goout365-images.s3-us-west-2.amazonaws.com\/images\/images\/000\/000\/335\/cropped_image\/a._jameson_instagram.jpg?1521065831\" alt=\"N\u00e3o \u00e9 s\u00f3 de cerveja que vive o dia de S\u00e3o Patr\u00edcio.\" width=\"400\" height=\"400\"\/><figcaption class=\"wp-element-caption\">Trate de arrumar um whiskey irland\u00eas ainda hoje!<br>Fonte: Site Goout365<\/figcaption><\/figure>\n<\/div>\n\n\n<h5 class=\"wp-block-heading\">CIDRA<\/h5>\n\n\n\n<p>A cidra n\u00e3o tem muitos f\u00e3s aqui no Brasil, mas \u00e9 bem consumida fora de nosso pa\u00eds. Basicamente \u00e9 um suco fermentado de ma\u00e7\u00e3, tem seu valor na hora de brindar. A Dona On\u00e7a, por exemplo, \u00e9 uma amante da cidra. Na Irlanda, mas provavelmente voc\u00ea j\u00e1 viu por aqui, a cidra mais famosa \u00e9 Magners.<\/p>\n\n\n<div class=\"wp-block-image\">\n<figure class=\"aligncenter is-resized\"><img loading=\"lazy\" decoding=\"async\" src=\"https:\/\/i.pinimg.com\/originals\/d7\/95\/0e\/d7950ebe8ecbaa635020be3eea6db92c.jpg\" alt=\"N\u00e3o \u00e9 s\u00f3 de cerveja que vive o dia de S\u00e3o Patr\u00edcio.\" width=\"375\" height=\"500\"\/><figcaption class=\"wp-element-caption\">A cidra mais famosa na Irlanda.<br>Fonte: Pinterest<\/figcaption><\/figure>\n<\/div>\n\n\n<h5 class=\"wp-block-heading\">BAILEYS IRISH CREAM<\/h5>\n\n\n\n<p>Um licor irl\u00e2ndes do bom. Ent\u00e3o, meu amigo tailgater, esse <em>tr\u00eam<\/em> \u00e9 bom mesmo! Criado em 1974, pela empresa R &amp; A Bailey, ele \u00e9 um dos mais famosos do mundo e agrade\u00e7o por ter encontrado um em promo\u00e7\u00e3o. Na receita dele vai whiskey irland\u00eas, leite, cacau, baunilha e a\u00e7\u00facar.<\/p>\n\n\n<div class=\"wp-block-image\">\n<figure class=\"aligncenter is-resized\"><img loading=\"lazy\" decoding=\"async\" src=\"https:\/\/i.pinimg.com\/originals\/95\/41\/f0\/9541f0d0728b135acf727d81878d0466.jpg\" alt=\"N\u00e3o \u00e9 s\u00f3 de cerveja que vive o dia de S\u00e3o Patr\u00edcio.\" width=\"500\" height=\"750\"\/><figcaption class=\"wp-element-caption\">Os caras bebem o licor puro, ou inventam umas batidinhas.<br>Fonte: Pinterest<\/figcaption><\/figure>\n<\/div>\n\n\n<h5 class=\"wp-block-heading\">IRISH COFFEE<\/h5>\n\n\n\n<p>Nessa \u00e9poca do ano, n\u00e3o estamos com frio, mas \u00e9 uma aposta legal pra quem gosta de uma bebida quente. Quem estiver interessado, a receita est\u00e1 <a href=\"https:\/\/www.coffeelover.com.br\/como-surgiu-irish-coffee\/\">aqui<\/a>.&nbsp;<\/p>\n\n\n<div class=\"wp-block-image\">\n<figure class=\"aligncenter size-full\"><img loading=\"lazy\" decoding=\"async\" width=\"414\" height=\"414\" src=\"https:\/\/www.tailgatezone.com.br\/wp-content\/uploads\/2023\/03\/thumbnail_414x414.jpeg\" alt=\"Tem bebida quente tamb\u00e9m.\" class=\"wp-image-9172\" srcset=\"https:\/\/www.tailgatezone.com.br\/wp-content\/uploads\/2023\/03\/thumbnail_414x414.jpeg 414w, https:\/\/www.tailgatezone.com.br\/wp-content\/uploads\/2023\/03\/thumbnail_414x414-300x300.jpeg 300w, https:\/\/www.tailgatezone.com.br\/wp-content\/uploads\/2023\/03\/thumbnail_414x414-150x150.jpeg 150w, https:\/\/www.tailgatezone.com.br\/wp-content\/uploads\/2023\/03\/thumbnail_414x414-12x12.jpeg 12w\" sizes=\"(max-width: 414px) 100vw, 414px\" \/><figcaption class=\"wp-element-caption\">N\u00e3o estamos em tempos de bebidas quentes, mas se voc\u00ea gosta, essa \u00e9 uma \u00f3tima pedida.<br>Fonte: Site Jameson Whiskey<\/figcaption><\/figure>\n<\/div>\n\n\n<h5 class=\"wp-block-heading\">CORNED-BEEF BOIL<\/h5>\n\n\n\n<p>O Corned-beef boil \u00e9 <strong>o prato<\/strong> do St. Patrick\u2019s Day. Ele \u00e9 uma combina\u00e7\u00e3o de uma carne em salmoura com repolho e dizem que vai muito bem com uma Guinness. Enfim, se quiser provar, a receita est\u00e1 <a href=\"https:\/\/sauerkraut.com.br\/como-fazer-corned-beef-peito-bovino-curado-e-cozido\/\">aqui<\/a>.<\/p>\n\n\n<div class=\"wp-block-image\">\n<figure class=\"aligncenter is-resized\"><img loading=\"lazy\" decoding=\"async\" src=\"https:\/\/www.irishcentral.com\/uploads\/article\/84967\/MI_corned_beef_cabbage_getty.jpg?t=1584347889\" alt=\"Tem que comer tamb\u00e9m, saco vazio n\u00e3o para em p\u00e9.\" width=\"600\" height=\"375\"\/><figcaption class=\"wp-element-caption\">O prato oficial do Dia de S\u00e3o Patr\u00edcio.<br>Fonte: Site IrishCentral<\/figcaption><\/figure>\n<\/div>\n\n\n<h4 class=\"wp-block-heading\">Viva S\u00e3o Patricio!<\/h4>\n\n\n\n<p>Por fim, agora voc\u00ea j\u00e1 sabe a hist\u00f3ria do nosso padroeiro e acredito que tamb\u00e9m j\u00e1 tenha entendido o motivo de ser. J\u00e1 passamos as principais tradi\u00e7\u00f5es e at\u00e9 deixamos receitas, numa coluna que nem tem por ideia mostrar nada de culin\u00e1ria. Ent\u00e3o aproveitem, pois como eu costumo dizer, esse \u00e9 o melhor dia do ano, melhor at\u00e9 mesmo, que o meu anivers\u00e1rio. Ent\u00e3o vamos curtir, mas em casa, com seguran\u00e7a e sem espalhar a COVID-19 por a\u00ed. Pra todos voc\u00eas, SA\u00daDE&#8230; ou melhor dizendo, como um bom irland\u00eas diria&#8230; <strong>Sl\u00e1inte<\/strong>!<\/p>\n\n\n\n<blockquote class=\"wp-block-quote is-layout-flow wp-block-quote-is-layout-flow\">\n<p>Que o caminho seja brando a teus p\u00e9s,<br>o vento sopre leve em teus ombros.<br>Que o sol brilhe c\u00e1lido sobre tua face,<br>as chuvas caiam serenas em teus campos.<br>E at\u00e9 que eu de novo te veja,<br>que Deus te guarde nas palmas de Suas m\u00e3os&#8230;<\/p>\n<cite>Uma ben\u00e7\u00e3o irlandesa<\/cite><\/blockquote>","protected":false},"excerpt":{"rendered":"<p>Desde o come\u00e7o do ano tanta gente come\u00e7ou a ser cancelada, que a COVID-19 (que falamos aqui) resolveu fazer o mesmo. O v\u00edrus saiu cancelado todos os eventos ao redor do mundo; festas particulares, nossas ligas t\u00e3o amadas; seja de futebol, ou ent\u00e3o dos esportes americanos. Enfim, estamos em t\u00e3o completa abstin\u00eancia de esportes que [&hellip;]<\/p>\n","protected":false},"author":2,"featured_media":2049,"comment_status":"open","ping_status":"open","sticky":false,"template":"","format":"standard","meta":{"_acf_changed":false,"_uag_custom_page_level_css":"","_uf_show_specific_survey":0,"_uf_disable_surveys":false,"footnotes":""},"categories":[21,8],"tags":[605,602,630,629,604,627,628],"class_list":["post-2041","post","type-post","status-publish","format-standard","has-post-thumbnail","hentry","category-cronicas","category-tailgate","tag-dia-de-sao-patricio","tag-guinness","tag-irlanda","tag-padroeiro","tag-st-patricks-day","tag-trevo","tag-verde","entry","has-media"],"acf":[],"yoast_head":"<!-- This site is optimized with the Yoast SEO plugin v27.4 - https:\/\/yoast.com\/product\/yoast-seo-wordpress\/ -->\n<title>S\u00e3o Patr\u00edcio, o padroeiro do tailgate zone. Viva! - tailgate zone<\/title>\n<meta name=\"description\" content=\"finalmente chegou o melhor dia do ano, o dia de s\u00e3o patr\u00edcio, padroeiro da irlanda e do tailgate zone. s\u00f3 \u00e9 uma pena o covid-19 nos enclausurar.\" \/>\n<meta name=\"robots\" content=\"index, follow, max-snippet:-1, max-image-preview:large, max-video-preview:-1\" \/>\n<link rel=\"canonical\" href=\"https:\/\/www.tailgatezone.com.br\/en\/tailgate\/cronicas\/sao-patricio-o-padroeiro-do-tailgate-zone-viva\/\" \/>\n<meta property=\"og:locale\" content=\"en_US\" \/>\n<meta property=\"og:type\" content=\"article\" \/>\n<meta property=\"og:title\" content=\"S\u00e3o Patr\u00edcio, o padroeiro do tailgate zone. Viva! - tailgate zone\" \/>\n<meta property=\"og:description\" content=\"finalmente chegou o melhor dia do ano, o dia de s\u00e3o patr\u00edcio, padroeiro da irlanda e do tailgate zone. s\u00f3 \u00e9 uma pena o covid-19 nos enclausurar.\" \/>\n<meta property=\"og:url\" content=\"https:\/\/www.tailgatezone.com.br\/en\/tailgate\/cronicas\/sao-patricio-o-padroeiro-do-tailgate-zone-viva\/\" \/>\n<meta property=\"og:site_name\" content=\"tailgate zone\" \/>\n<meta property=\"article:publisher\" content=\"https:\/\/www.facebook.com\/tailgatezone\" \/>\n<meta property=\"article:author\" content=\"https:\/\/www.facebook.com\/felipemclemente\" \/>\n<meta property=\"article:published_time\" content=\"2020-03-17T17:08:35+00:00\" \/>\n<meta property=\"article:modified_time\" content=\"2023-03-17T18:52:13+00:00\" \/>\n<meta property=\"og:image\" content=\"https:\/\/www.tailgatezone.com.br\/wp-content\/uploads\/2020\/03\/Aprenda-a-rezar-com-frame.jpg\" \/>\n\t<meta property=\"og:image:width\" content=\"1280\" \/>\n\t<meta property=\"og:image:height\" content=\"720\" \/>\n\t<meta property=\"og:image:type\" content=\"image\/jpeg\" \/>\n<meta name=\"author\" content=\"Felipe Martins Clemente\" \/>\n<meta name=\"twitter:card\" content=\"summary_large_image\" \/>\n<meta name=\"twitter:creator\" content=\"@_felipeclemente\" \/>\n<meta name=\"twitter:site\" content=\"@tailgatezone_br\" \/>\n<meta name=\"twitter:label1\" content=\"Written by\" \/>\n\t<meta name=\"twitter:data1\" content=\"Felipe Martins Clemente\" \/>\n\t<meta name=\"twitter:label2\" content=\"Est. reading time\" \/>\n\t<meta name=\"twitter:data2\" content=\"14 minutes\" \/>\n<script type=\"application\/ld+json\" class=\"yoast-schema-graph\">{\"@context\":\"https:\\\/\\\/schema.org\",\"@graph\":[{\"@type\":\"Article\",\"@id\":\"https:\\\/\\\/www.tailgatezone.com.br\\\/tailgate\\\/cronicas\\\/sao-patricio-o-padroeiro-do-tailgate-zone-viva\\\/#article\",\"isPartOf\":{\"@id\":\"https:\\\/\\\/www.tailgatezone.com.br\\\/tailgate\\\/cronicas\\\/sao-patricio-o-padroeiro-do-tailgate-zone-viva\\\/\"},\"author\":{\"name\":\"Felipe Martins Clemente\",\"@id\":\"https:\\\/\\\/www.tailgatezone.com.br\\\/#\\\/schema\\\/person\\\/bd4b3f68a36113994e6d3d3a86756c1a\"},\"headline\":\"S\u00e3o Patr\u00edcio, o padroeiro do tailgate zone. Viva!\",\"datePublished\":\"2020-03-17T17:08:35+00:00\",\"dateModified\":\"2023-03-17T18:52:13+00:00\",\"mainEntityOfPage\":{\"@id\":\"https:\\\/\\\/www.tailgatezone.com.br\\\/tailgate\\\/cronicas\\\/sao-patricio-o-padroeiro-do-tailgate-zone-viva\\\/\"},\"wordCount\":2050,\"commentCount\":0,\"publisher\":{\"@id\":\"https:\\\/\\\/www.tailgatezone.com.br\\\/#organization\"},\"image\":{\"@id\":\"https:\\\/\\\/www.tailgatezone.com.br\\\/tailgate\\\/cronicas\\\/sao-patricio-o-padroeiro-do-tailgate-zone-viva\\\/#primaryimage\"},\"thumbnailUrl\":\"https:\\\/\\\/www.tailgatezone.com.br\\\/wp-content\\\/uploads\\\/2020\\\/03\\\/Aprenda-a-rezar-com-frame.jpg\",\"keywords\":[\"dia de s\u00e3o patr\u00edcio\",\"guinness\",\"irlanda\",\"padroeiro\",\"st. patrick&#039;s day\",\"trevo\",\"verde\"],\"articleSection\":[\"Cr\u00f4nicas\",\"Tailgate\"],\"inLanguage\":\"en-US\",\"potentialAction\":[{\"@type\":\"CommentAction\",\"name\":\"Comment\",\"target\":[\"https:\\\/\\\/www.tailgatezone.com.br\\\/tailgate\\\/cronicas\\\/sao-patricio-o-padroeiro-do-tailgate-zone-viva\\\/#respond\"]}]},{\"@type\":\"WebPage\",\"@id\":\"https:\\\/\\\/www.tailgatezone.com.br\\\/tailgate\\\/cronicas\\\/sao-patricio-o-padroeiro-do-tailgate-zone-viva\\\/\",\"url\":\"https:\\\/\\\/www.tailgatezone.com.br\\\/tailgate\\\/cronicas\\\/sao-patricio-o-padroeiro-do-tailgate-zone-viva\\\/\",\"name\":\"S\u00e3o Patr\u00edcio, o padroeiro do tailgate zone. Viva! - tailgate zone\",\"isPartOf\":{\"@id\":\"https:\\\/\\\/www.tailgatezone.com.br\\\/#website\"},\"primaryImageOfPage\":{\"@id\":\"https:\\\/\\\/www.tailgatezone.com.br\\\/tailgate\\\/cronicas\\\/sao-patricio-o-padroeiro-do-tailgate-zone-viva\\\/#primaryimage\"},\"image\":{\"@id\":\"https:\\\/\\\/www.tailgatezone.com.br\\\/tailgate\\\/cronicas\\\/sao-patricio-o-padroeiro-do-tailgate-zone-viva\\\/#primaryimage\"},\"thumbnailUrl\":\"https:\\\/\\\/www.tailgatezone.com.br\\\/wp-content\\\/uploads\\\/2020\\\/03\\\/Aprenda-a-rezar-com-frame.jpg\",\"datePublished\":\"2020-03-17T17:08:35+00:00\",\"dateModified\":\"2023-03-17T18:52:13+00:00\",\"description\":\"finalmente chegou o melhor dia do ano, o dia de s\u00e3o patr\u00edcio, padroeiro da irlanda e do tailgate zone. s\u00f3 \u00e9 uma pena o covid-19 nos enclausurar.\",\"breadcrumb\":{\"@id\":\"https:\\\/\\\/www.tailgatezone.com.br\\\/tailgate\\\/cronicas\\\/sao-patricio-o-padroeiro-do-tailgate-zone-viva\\\/#breadcrumb\"},\"inLanguage\":\"en-US\",\"potentialAction\":[{\"@type\":\"ReadAction\",\"target\":[\"https:\\\/\\\/www.tailgatezone.com.br\\\/tailgate\\\/cronicas\\\/sao-patricio-o-padroeiro-do-tailgate-zone-viva\\\/\"]}]},{\"@type\":\"ImageObject\",\"inLanguage\":\"en-US\",\"@id\":\"https:\\\/\\\/www.tailgatezone.com.br\\\/tailgate\\\/cronicas\\\/sao-patricio-o-padroeiro-do-tailgate-zone-viva\\\/#primaryimage\",\"url\":\"https:\\\/\\\/www.tailgatezone.com.br\\\/wp-content\\\/uploads\\\/2020\\\/03\\\/Aprenda-a-rezar-com-frame.jpg\",\"contentUrl\":\"https:\\\/\\\/www.tailgatezone.com.br\\\/wp-content\\\/uploads\\\/2020\\\/03\\\/Aprenda-a-rezar-com-frame.jpg\",\"width\":1280,\"height\":720},{\"@type\":\"BreadcrumbList\",\"@id\":\"https:\\\/\\\/www.tailgatezone.com.br\\\/tailgate\\\/cronicas\\\/sao-patricio-o-padroeiro-do-tailgate-zone-viva\\\/#breadcrumb\",\"itemListElement\":[{\"@type\":\"ListItem\",\"position\":1,\"name\":\"In\u00edcio\",\"item\":\"https:\\\/\\\/www.tailgatezone.com.br\\\/\"},{\"@type\":\"ListItem\",\"position\":2,\"name\":\"S\u00e3o Patr\u00edcio, o padroeiro do tailgate zone. Viva!\"}]},{\"@type\":\"WebSite\",\"@id\":\"https:\\\/\\\/www.tailgatezone.com.br\\\/#website\",\"url\":\"https:\\\/\\\/www.tailgatezone.com.br\\\/\",\"name\":\"tailgate zone\",\"description\":\"um assunto s\u00e9rio tratado com muita esportividade\",\"publisher\":{\"@id\":\"https:\\\/\\\/www.tailgatezone.com.br\\\/#organization\"},\"potentialAction\":[{\"@type\":\"SearchAction\",\"target\":{\"@type\":\"EntryPoint\",\"urlTemplate\":\"https:\\\/\\\/www.tailgatezone.com.br\\\/?s={search_term_string}\"},\"query-input\":{\"@type\":\"PropertyValueSpecification\",\"valueRequired\":true,\"valueName\":\"search_term_string\"}}],\"inLanguage\":\"en-US\"},{\"@type\":\"Organization\",\"@id\":\"https:\\\/\\\/www.tailgatezone.com.br\\\/#organization\",\"name\":\"tailgate zone\",\"url\":\"https:\\\/\\\/www.tailgatezone.com.br\\\/\",\"logo\":{\"@type\":\"ImageObject\",\"inLanguage\":\"en-US\",\"@id\":\"https:\\\/\\\/www.tailgatezone.com.br\\\/#\\\/schema\\\/logo\\\/image\\\/\",\"url\":\"https:\\\/\\\/www.tailgatezone.com.br\\\/wp-content\\\/uploads\\\/2022\\\/09\\\/tailgatezone.png\",\"contentUrl\":\"https:\\\/\\\/www.tailgatezone.com.br\\\/wp-content\\\/uploads\\\/2022\\\/09\\\/tailgatezone.png\",\"width\":3894,\"height\":1500,\"caption\":\"tailgate zone\"},\"image\":{\"@id\":\"https:\\\/\\\/www.tailgatezone.com.br\\\/#\\\/schema\\\/logo\\\/image\\\/\"},\"sameAs\":[\"https:\\\/\\\/www.facebook.com\\\/tailgatezone\",\"https:\\\/\\\/x.com\\\/tailgatezone_br\",\"https:\\\/\\\/www.instagram.com\\\/tailgatezone\",\"https:\\\/\\\/youtube.com\\\/tailgatezonebr\"]},{\"@type\":\"Person\",\"@id\":\"https:\\\/\\\/www.tailgatezone.com.br\\\/#\\\/schema\\\/person\\\/bd4b3f68a36113994e6d3d3a86756c1a\",\"name\":\"Felipe Martins Clemente\",\"image\":{\"@type\":\"ImageObject\",\"inLanguage\":\"en-US\",\"@id\":\"https:\\\/\\\/www.tailgatezone.com.br\\\/wp-content\\\/uploads\\\/2023\\\/01\\\/Cle-1024x1024.png\",\"url\":\"https:\\\/\\\/www.tailgatezone.com.br\\\/wp-content\\\/uploads\\\/2023\\\/01\\\/Cle-1024x1024.png\",\"contentUrl\":\"https:\\\/\\\/www.tailgatezone.com.br\\\/wp-content\\\/uploads\\\/2023\\\/01\\\/Cle-1024x1024.png\",\"caption\":\"Felipe Martins Clemente\"},\"description\":\"Um engenheiro da computa\u00e7\u00e3o com especializa\u00e7\u00e3o em gest\u00e3o de projetos, doido por tecnologia, cinema, m\u00fasica e minha fam\u00edlia. Al\u00e9m de tudo isso, sou um eterno apaixonado por esporte e acredito na transforma\u00e7\u00e3o que ele pode causar em cada pessoa. Como um dos idealizadores do tailgate zone, busco levar esse mesmo sentimento de transforma\u00e7\u00e3o (atrav\u00e9s do esporte) para outras pessoas. Tamb\u00e9m quero mostrar que a beleza do jogo vai muito al\u00e9m daquela hail mary ou de um buzzer beater para ganhar o campeonato, e que a parte alta na nona entrada, pode ser uma das coisas mais emocionantes da sua vida.\",\"sameAs\":[\"https:\\\/\\\/www.facebook.com\\\/felipemclemente\",\"https:\\\/\\\/www.instagram.com\\\/felipe_clemente\",\"https:\\\/\\\/x.com\\\/_felipeclemente\"],\"url\":\"https:\\\/\\\/www.tailgatezone.com.br\\\/en\\\/author\\\/felipeclemente\\\/\"}]}<\/script>\n<!-- \/ Yoast SEO plugin. -->","yoast_head_json":{"title":"S\u00e3o Patr\u00edcio, o padroeiro do tailgate zone. Viva! - tailgate zone","description":"finalmente chegou o melhor dia do ano, o dia de s\u00e3o patr\u00edcio, padroeiro da irlanda e do tailgate zone. s\u00f3 \u00e9 uma pena o covid-19 nos enclausurar.","robots":{"index":"index","follow":"follow","max-snippet":"max-snippet:-1","max-image-preview":"max-image-preview:large","max-video-preview":"max-video-preview:-1"},"canonical":"https:\/\/www.tailgatezone.com.br\/en\/tailgate\/cronicas\/sao-patricio-o-padroeiro-do-tailgate-zone-viva\/","og_locale":"en_US","og_type":"article","og_title":"S\u00e3o Patr\u00edcio, o padroeiro do tailgate zone. Viva! - tailgate zone","og_description":"finalmente chegou o melhor dia do ano, o dia de s\u00e3o patr\u00edcio, padroeiro da irlanda e do tailgate zone. s\u00f3 \u00e9 uma pena o covid-19 nos enclausurar.","og_url":"https:\/\/www.tailgatezone.com.br\/en\/tailgate\/cronicas\/sao-patricio-o-padroeiro-do-tailgate-zone-viva\/","og_site_name":"tailgate zone","article_publisher":"https:\/\/www.facebook.com\/tailgatezone","article_author":"https:\/\/www.facebook.com\/felipemclemente","article_published_time":"2020-03-17T17:08:35+00:00","article_modified_time":"2023-03-17T18:52:13+00:00","og_image":[{"width":1280,"height":720,"url":"https:\/\/www.tailgatezone.com.br\/wp-content\/uploads\/2020\/03\/Aprenda-a-rezar-com-frame.jpg","type":"image\/jpeg"}],"author":"Felipe Martins Clemente","twitter_card":"summary_large_image","twitter_creator":"@_felipeclemente","twitter_site":"@tailgatezone_br","twitter_misc":{"Written by":"Felipe Martins Clemente","Est. reading time":"14 minutes"},"schema":{"@context":"https:\/\/schema.org","@graph":[{"@type":"Article","@id":"https:\/\/www.tailgatezone.com.br\/tailgate\/cronicas\/sao-patricio-o-padroeiro-do-tailgate-zone-viva\/#article","isPartOf":{"@id":"https:\/\/www.tailgatezone.com.br\/tailgate\/cronicas\/sao-patricio-o-padroeiro-do-tailgate-zone-viva\/"},"author":{"name":"Felipe Martins Clemente","@id":"https:\/\/www.tailgatezone.com.br\/#\/schema\/person\/bd4b3f68a36113994e6d3d3a86756c1a"},"headline":"S\u00e3o Patr\u00edcio, o padroeiro do tailgate zone. Viva!","datePublished":"2020-03-17T17:08:35+00:00","dateModified":"2023-03-17T18:52:13+00:00","mainEntityOfPage":{"@id":"https:\/\/www.tailgatezone.com.br\/tailgate\/cronicas\/sao-patricio-o-padroeiro-do-tailgate-zone-viva\/"},"wordCount":2050,"commentCount":0,"publisher":{"@id":"https:\/\/www.tailgatezone.com.br\/#organization"},"image":{"@id":"https:\/\/www.tailgatezone.com.br\/tailgate\/cronicas\/sao-patricio-o-padroeiro-do-tailgate-zone-viva\/#primaryimage"},"thumbnailUrl":"https:\/\/www.tailgatezone.com.br\/wp-content\/uploads\/2020\/03\/Aprenda-a-rezar-com-frame.jpg","keywords":["dia de s\u00e3o patr\u00edcio","guinness","irlanda","padroeiro","st. patrick&#039;s day","trevo","verde"],"articleSection":["Cr\u00f4nicas","Tailgate"],"inLanguage":"en-US","potentialAction":[{"@type":"CommentAction","name":"Comment","target":["https:\/\/www.tailgatezone.com.br\/tailgate\/cronicas\/sao-patricio-o-padroeiro-do-tailgate-zone-viva\/#respond"]}]},{"@type":"WebPage","@id":"https:\/\/www.tailgatezone.com.br\/tailgate\/cronicas\/sao-patricio-o-padroeiro-do-tailgate-zone-viva\/","url":"https:\/\/www.tailgatezone.com.br\/tailgate\/cronicas\/sao-patricio-o-padroeiro-do-tailgate-zone-viva\/","name":"S\u00e3o Patr\u00edcio, o padroeiro do tailgate zone. Viva! - tailgate zone","isPartOf":{"@id":"https:\/\/www.tailgatezone.com.br\/#website"},"primaryImageOfPage":{"@id":"https:\/\/www.tailgatezone.com.br\/tailgate\/cronicas\/sao-patricio-o-padroeiro-do-tailgate-zone-viva\/#primaryimage"},"image":{"@id":"https:\/\/www.tailgatezone.com.br\/tailgate\/cronicas\/sao-patricio-o-padroeiro-do-tailgate-zone-viva\/#primaryimage"},"thumbnailUrl":"https:\/\/www.tailgatezone.com.br\/wp-content\/uploads\/2020\/03\/Aprenda-a-rezar-com-frame.jpg","datePublished":"2020-03-17T17:08:35+00:00","dateModified":"2023-03-17T18:52:13+00:00","description":"finalmente chegou o melhor dia do ano, o dia de s\u00e3o patr\u00edcio, padroeiro da irlanda e do tailgate zone. s\u00f3 \u00e9 uma pena o covid-19 nos enclausurar.","breadcrumb":{"@id":"https:\/\/www.tailgatezone.com.br\/tailgate\/cronicas\/sao-patricio-o-padroeiro-do-tailgate-zone-viva\/#breadcrumb"},"inLanguage":"en-US","potentialAction":[{"@type":"ReadAction","target":["https:\/\/www.tailgatezone.com.br\/tailgate\/cronicas\/sao-patricio-o-padroeiro-do-tailgate-zone-viva\/"]}]},{"@type":"ImageObject","inLanguage":"en-US","@id":"https:\/\/www.tailgatezone.com.br\/tailgate\/cronicas\/sao-patricio-o-padroeiro-do-tailgate-zone-viva\/#primaryimage","url":"https:\/\/www.tailgatezone.com.br\/wp-content\/uploads\/2020\/03\/Aprenda-a-rezar-com-frame.jpg","contentUrl":"https:\/\/www.tailgatezone.com.br\/wp-content\/uploads\/2020\/03\/Aprenda-a-rezar-com-frame.jpg","width":1280,"height":720},{"@type":"BreadcrumbList","@id":"https:\/\/www.tailgatezone.com.br\/tailgate\/cronicas\/sao-patricio-o-padroeiro-do-tailgate-zone-viva\/#breadcrumb","itemListElement":[{"@type":"ListItem","position":1,"name":"In\u00edcio","item":"https:\/\/www.tailgatezone.com.br\/"},{"@type":"ListItem","position":2,"name":"S\u00e3o Patr\u00edcio, o padroeiro do tailgate zone. Viva!"}]},{"@type":"WebSite","@id":"https:\/\/www.tailgatezone.com.br\/#website","url":"https:\/\/www.tailgatezone.com.br\/","name":"tailgate zone","description":"omething as serious as the bottom of the ninth","publisher":{"@id":"https:\/\/www.tailgatezone.com.br\/#organization"},"potentialAction":[{"@type":"SearchAction","target":{"@type":"EntryPoint","urlTemplate":"https:\/\/www.tailgatezone.com.br\/?s={search_term_string}"},"query-input":{"@type":"PropertyValueSpecification","valueRequired":true,"valueName":"search_term_string"}}],"inLanguage":"en-US"},{"@type":"Organization","@id":"https:\/\/www.tailgatezone.com.br\/#organization","name":"tailgate zone","url":"https:\/\/www.tailgatezone.com.br\/","logo":{"@type":"ImageObject","inLanguage":"en-US","@id":"https:\/\/www.tailgatezone.com.br\/#\/schema\/logo\/image\/","url":"https:\/\/www.tailgatezone.com.br\/wp-content\/uploads\/2022\/09\/tailgatezone.png","contentUrl":"https:\/\/www.tailgatezone.com.br\/wp-content\/uploads\/2022\/09\/tailgatezone.png","width":3894,"height":1500,"caption":"tailgate zone"},"image":{"@id":"https:\/\/www.tailgatezone.com.br\/#\/schema\/logo\/image\/"},"sameAs":["https:\/\/www.facebook.com\/tailgatezone","https:\/\/x.com\/tailgatezone_br","https:\/\/www.instagram.com\/tailgatezone","https:\/\/youtube.com\/tailgatezonebr"]},{"@type":"Person","@id":"https:\/\/www.tailgatezone.com.br\/#\/schema\/person\/bd4b3f68a36113994e6d3d3a86756c1a","name":"Felipe Martins Clemente","image":{"@type":"ImageObject","inLanguage":"en-US","@id":"https:\/\/www.tailgatezone.com.br\/wp-content\/uploads\/2023\/01\/Cle-1024x1024.png","url":"https:\/\/www.tailgatezone.com.br\/wp-content\/uploads\/2023\/01\/Cle-1024x1024.png","contentUrl":"https:\/\/www.tailgatezone.com.br\/wp-content\/uploads\/2023\/01\/Cle-1024x1024.png","caption":"Felipe Martins Clemente"},"description":"Um engenheiro da computa\u00e7\u00e3o com especializa\u00e7\u00e3o em gest\u00e3o de projetos, doido por tecnologia, cinema, m\u00fasica e minha fam\u00edlia. Al\u00e9m de tudo isso, sou um eterno apaixonado por esporte e acredito na transforma\u00e7\u00e3o que ele pode causar em cada pessoa. Como um dos idealizadores do tailgate zone, busco levar esse mesmo sentimento de transforma\u00e7\u00e3o (atrav\u00e9s do esporte) para outras pessoas. Tamb\u00e9m quero mostrar que a beleza do jogo vai muito al\u00e9m daquela hail mary ou de um buzzer beater para ganhar o campeonato, e que a parte alta na nona entrada, pode ser uma das coisas mais emocionantes da sua vida.","sameAs":["https:\/\/www.facebook.com\/felipemclemente","https:\/\/www.instagram.com\/felipe_clemente","https:\/\/x.com\/_felipeclemente"],"url":"https:\/\/www.tailgatezone.com.br\/en\/author\/felipeclemente\/"}]}},"uagb_featured_image_src":{"full":["https:\/\/www.tailgatezone.com.br\/wp-content\/uploads\/2020\/03\/Aprenda-a-rezar-com-frame.jpg",1280,720,false],"thumbnail":["https:\/\/www.tailgatezone.com.br\/wp-content\/uploads\/2020\/03\/Aprenda-a-rezar-com-frame-150x150.jpg",150,150,true],"medium":["https:\/\/www.tailgatezone.com.br\/wp-content\/uploads\/2020\/03\/Aprenda-a-rezar-com-frame-300x169.jpg",300,169,true],"medium_large":["https:\/\/www.tailgatezone.com.br\/wp-content\/uploads\/2020\/03\/Aprenda-a-rezar-com-frame-768x432.jpg",768,432,true],"large":["https:\/\/www.tailgatezone.com.br\/wp-content\/uploads\/2020\/03\/Aprenda-a-rezar-com-frame-1024x576.jpg",1024,576,true],"1536x1536":["https:\/\/www.tailgatezone.com.br\/wp-content\/uploads\/2020\/03\/Aprenda-a-rezar-com-frame.jpg",1280,720,false],"2048x2048":["https:\/\/www.tailgatezone.com.br\/wp-content\/uploads\/2020\/03\/Aprenda-a-rezar-com-frame.jpg",1280,720,false],"trp-custom-language-flag":["https:\/\/www.tailgatezone.com.br\/wp-content\/uploads\/2020\/03\/Aprenda-a-rezar-com-frame.jpg",18,10,false],"ocean-thumb-m":["https:\/\/www.tailgatezone.com.br\/wp-content\/uploads\/2020\/03\/Aprenda-a-rezar-com-frame.jpg",600,338,false],"ocean-thumb-ml":["https:\/\/www.tailgatezone.com.br\/wp-content\/uploads\/2020\/03\/Aprenda-a-rezar-com-frame.jpg",800,450,false],"ocean-thumb-l":["https:\/\/www.tailgatezone.com.br\/wp-content\/uploads\/2020\/03\/Aprenda-a-rezar-com-frame.jpg",1200,675,false]},"uagb_author_info":{"display_name":"Felipe Martins Clemente","author_link":"https:\/\/www.tailgatezone.com.br\/en\/author\/felipeclemente\/"},"uagb_comment_info":0,"uagb_excerpt":"Desde o come\u00e7o do ano tanta gente come\u00e7ou a ser cancelada, que a COVID-19 (que falamos aqui) resolveu fazer o mesmo. O v\u00edrus saiu cancelado todos os eventos ao redor do mundo; festas particulares, nossas ligas t\u00e3o amadas; seja de futebol, ou ent\u00e3o dos esportes americanos. Enfim, estamos em t\u00e3o completa abstin\u00eancia de esportes que&hellip;","_links":{"self":[{"href":"https:\/\/www.tailgatezone.com.br\/en\/wp-json\/wp\/v2\/posts\/2041","targetHints":{"allow":["GET"]}}],"collection":[{"href":"https:\/\/www.tailgatezone.com.br\/en\/wp-json\/wp\/v2\/posts"}],"about":[{"href":"https:\/\/www.tailgatezone.com.br\/en\/wp-json\/wp\/v2\/types\/post"}],"author":[{"embeddable":true,"href":"https:\/\/www.tailgatezone.com.br\/en\/wp-json\/wp\/v2\/users\/2"}],"replies":[{"embeddable":true,"href":"https:\/\/www.tailgatezone.com.br\/en\/wp-json\/wp\/v2\/comments?post=2041"}],"version-history":[{"count":3,"href":"https:\/\/www.tailgatezone.com.br\/en\/wp-json\/wp\/v2\/posts\/2041\/revisions"}],"predecessor-version":[{"id":9176,"href":"https:\/\/www.tailgatezone.com.br\/en\/wp-json\/wp\/v2\/posts\/2041\/revisions\/9176"}],"wp:featuredmedia":[{"embeddable":true,"href":"https:\/\/www.tailgatezone.com.br\/en\/wp-json\/wp\/v2\/media\/2049"}],"wp:attachment":[{"href":"https:\/\/www.tailgatezone.com.br\/en\/wp-json\/wp\/v2\/media?parent=2041"}],"wp:term":[{"taxonomy":"category","embeddable":true,"href":"https:\/\/www.tailgatezone.com.br\/en\/wp-json\/wp\/v2\/categories?post=2041"},{"taxonomy":"post_tag","embeddable":true,"href":"https:\/\/www.tailgatezone.com.br\/en\/wp-json\/wp\/v2\/tags?post=2041"}],"curies":[{"name":"wp","href":"https:\/\/api.w.org\/{rel}","templated":true}]}}