{"id":3086,"date":"2020-06-13T12:54:54","date_gmt":"2020-06-13T15:54:54","guid":{"rendered":"http:\/\/www.tailgatezone.com.br\/?p=3086"},"modified":"2020-06-13T12:54:54","modified_gmt":"2020-06-13T15:54:54","slug":"megafone-1-uma-historia-de-racismo-entre-tempos","status":"publish","type":"post","link":"https:\/\/www.tailgatezone.com.br\/en\/megafone\/megafone-1-uma-historia-de-racismo-entre-tempos\/","title":{"rendered":"Megafone #1: uma hist\u00f3ria de racismo entre tempos"},"content":{"rendered":"<hr class=\"wp-block-separator\"\/>\n\n\n\n<div class=\"wp-block-columns is-layout-flex wp-container-core-columns-is-layout-9d6595d7 wp-block-columns-is-layout-flex\">\n<div class=\"wp-block-column is-layout-flow wp-block-column-is-layout-flow\" style=\"flex-basis:33.33%\">\n<figure class=\"wp-block-image size-large is-style-default\"><img fetchpriority=\"high\" decoding=\"async\" width=\"1024\" height=\"768\" src=\"http:\/\/www.tailgatezone.com.br\/wp-content\/uploads\/2020\/06\/WhatsApp-Image-2020-06-13-at-08.10.12-1024x768.jpeg\" alt=\"Alexandre Campos, a voz de hoje. Falando um pouco sobre racismo.\" class=\"wp-image-3094\" srcset=\"https:\/\/www.tailgatezone.com.br\/wp-content\/uploads\/2020\/06\/WhatsApp-Image-2020-06-13-at-08.10.12-1024x768.jpeg 1024w, https:\/\/www.tailgatezone.com.br\/wp-content\/uploads\/2020\/06\/WhatsApp-Image-2020-06-13-at-08.10.12-300x225.jpeg 300w, https:\/\/www.tailgatezone.com.br\/wp-content\/uploads\/2020\/06\/WhatsApp-Image-2020-06-13-at-08.10.12-768x576.jpeg 768w, https:\/\/www.tailgatezone.com.br\/wp-content\/uploads\/2020\/06\/WhatsApp-Image-2020-06-13-at-08.10.12.jpeg 1032w\" sizes=\"(max-width: 1024px) 100vw, 1024px\" \/><\/figure>\n\n\n\n<p><\/p>\n<\/div>\n\n\n\n<div class=\"wp-block-column is-vertically-aligned-center is-layout-flow wp-block-column-is-layout-flow\" style=\"flex-basis:66.66%\">\n<p class=\"has-text-align-center\"><strong>Alexandre Campos<\/strong><\/p>\n\n\n\n<p class=\"has-text-align-center\">Servidor p\u00fablico, cientista de dados, poeta, programador, torcedor do Utah Jazz, viciado em Clarice Lispector e tentando entender meu papel nesse mundo desde 1980, mas ainda sem sucesso.<\/p>\n<\/div>\n<\/div>\n\n\n\n<hr class=\"wp-block-separator\"\/>\n\n\n\n<p>9 minutos de racismo. Esse foi o tempo em que o policial ficou com joelho em cima do pesco\u00e7o de Floyd. E me pergunto o que ser\u00e1 que passou de vida nesse tempo pelas lembran\u00e7as de Floyd? Que al\u00e9m de pedir para respirar e n\u00e3o morrer gritou &#8220;mam\u00e3e&#8221;.<\/p>\n\n\n\n<p>E penso em minha m\u00e3e, uma mulher <strong><a href=\"http:\/\/www.tailgatezone.com.br\/en\/tailgate\/cronicas\/nao-mais-ajoelhados\/\">n\u00e3o negra<\/a><\/strong> e vi\u00fava que criou minha irm\u00e3 e eu \u00e0s margens do racismo e com uma boa dose de respeito e religi\u00e3o. Pois assim como Floyd, sou crist\u00e3o e sobrevivi \u00e0 inf\u00e2ncia sem muitos \u00eddolos negros, sem muitos amigos negros. Mas amando o basquete por conta de Karl Malone e Michael Jordan.<\/p>\n\n\n\n<p>E pensando em basquete e NBA acho que nem o meu sonho, de ser o primeiro brasileiro a entrar na liga e nem o de Floyd se concretizaram. Mas sinto que em rela\u00e7\u00e3o ao sentimento de racismo na inf\u00e2ncia temos mais em comum do que gostaria.<\/p>\n\n\n\n<h4 class=\"wp-block-heading\">Racismo: uma pergunta<\/h4>\n\n\n\n<p>Enquanto assistia ao notici\u00e1rio perguntei \u00e0 minha filha, Maria Ana, se na brevidade dos 11 anos dela, ela havia sofrido racismo e a resposta foi n\u00e3o. Entretanto, da minha parte ouvi tanto &#8220;<strong>macaco<\/strong>&#8221; nos primeiros anos de vida que demorei um tempo para desassociar o bicho da ofensa. Mas aprendi desde muito cedo a orar e perdoar.<\/p>\n\n\n\n<p>E novamente me pergunto: ser\u00e1 que o Floyd orou enquanto sufocava? Ou deu tempo de se reconectar ao Cristo perdoador? Maria Ana diz que tudo pode ser s\u00f3 uma ilus\u00e3o da mente e que a vida n\u00e3o \u00e9 real! Quanto a mim longe da inf\u00e2ncia, do passado, tenho uma dificuldade de repassar aqueles nove minutos e perdoar o homem branco de joelho sobre mim. Ainda assim n\u00e3o importa o quanto n\u00e3o respire, respirar ainda \u00e9 meu castigo e para Floyd, n\u00e3o mais.<\/p>\n\n\n\n<h4 class=\"wp-block-heading\">Protestos<\/h4>\n\n\n\n<p>Ainda diante da tela, vejo que as ondas de protestos antirracistas explodiram pelo mundo, t\u00e3o r\u00e1pido que ainda estou no mesmo lugar 9 minutos depois. E sabidamente experimentando meu ciclo de vida, ainda sinto o v\u00e9u do racismo pairar sobre nossa caminhada, como uma nuvem cinza de olhares, sil\u00eancio, surpresa e subestima\u00e7\u00e3o.<\/p>\n\n\n\n<p>Por\u00e9m depois de tanto tempo o velado n\u00e3o incomoda tanto, pois a rotina entorpece a alma, mas a cada grito de justi\u00e7a no notici\u00e1rio e cada voz dizendo que: \u201cse n\u00e3o h\u00e1 justi\u00e7a n\u00e3o haver\u00e1 paz\u201d, me dou conta que a dor nunca foi embora nem da alma, nem do mundo. E minha aparente tranquilidade indiferente lista cada ocorrido em flashes na mente e me dou conta que nunca esqueci.<\/p>\n\n\n\n<p>Mas hoje temo muito por minha fam\u00edlia, a dor delas, o sentir delas e a causa para com elas. E me assusta pensar o qu\u00e3o grave e explosivo \u00e9 a situa\u00e7\u00e3o do racismo nacionalmente. E conceber isso rompe em mim um sentimento de justi\u00e7a, mas repleto de incerteza se realmente as coisas v\u00e3o mudar.<\/p>\n\n\n\n<p>Ao som de bombas ao fundo, no ao vivo da Globonews, manifestantes enfrentam a pol\u00edcia em choque. E Maria Ana ouve trap, pop, k-pop nas plataformas de streaming&nbsp; da web, distribuindo seus \u00edcones entre as etnias da globaliza\u00e7\u00e3o.<\/p>\n\n\n\n<h4 class=\"wp-block-heading\">Lugar de fala<\/h4>\n\n\n\n<p>Bem como, ainda que de forma lenta, eu tento trocar de tela e ler nos caracteres contados do twitter o que as milit\u00e2ncias negras t\u00eam posicionado. Seu lugar de fala que, \u00e0s vezes, parecem t\u00e3o distante da minha realidade, que me sinto abrigado no \u201cblack twitter\u201d protegido pelos meus, mas que ao mesmo tempo produzem um combalido discurso girat\u00f3rio atingindo aliados e inimigos que de comum s\u00f3 tem a cor de pele.<\/p>\n\n\n\n<p>E quando a tela do celular fecha, e me sobra o ch\u00e3o da vida que carrego no meu microcosmo, o calor das m\u00e3os pretas n\u00e3o est\u00e3o l\u00e1 para me puxar da nuvem cinza, e sobrevivo da mesma forma que cheguei at\u00e9 aqui, em busca de aliados, seletando os amigos e reduzindo c\u00edrculo s\u00f3 para mitigar os danos.<\/p>\n\n\n\n<h4 class=\"wp-block-heading\">Futuro<\/h4>\n\n\n\n<p>No v\u00f3rtex da pandemia, o sil\u00eancio da vida parece mais latente. H\u00e1 tempos n\u00e3o vemos amigos e familiares. E mesmo com o celular desligado, os protestos caminham pela minha alma a passos de revolta e consterna\u00e7\u00e3o. Saio do sof\u00e1 e observo minha filha jogar online com os amigos, enquanto Vanessa ouve seus programas na plataforma do youtube. E a mim, resta produzir pensamentos de futuro, para al\u00e9m da mudan\u00e7a de atitude, ansiando a mudan\u00e7a de ciclo de gera\u00e7\u00e3o.<\/p>\n\n\n\n<p>Acho que minha gera\u00e7\u00e3o carregou viva&nbsp; as p\u00e1ginas de livros velhos escritos a sangue, \u00f3dio e preconceito, t\u00e3o incrustados, que poucos tiveram a paci\u00eancia de se limpar das manchas deixadas.&nbsp; Ainda assim minha esperan\u00e7a \u00e9 que a nova gera\u00e7\u00e3o se renove desse obscurantismo, e&nbsp; renas\u00e7a para conquistar mundos novos t\u00e3o distantes, que nossa cozinha de mesquinharia se desfa\u00e7a na epopeia do novo.<\/p>\n\n\n\n<h4 class=\"wp-block-heading\">Novo olhar<\/h4>\n\n\n\n<p>Sejamos exploradores do novo olhar, do novo pensar e do novo querer.&nbsp; Espero que em 30 anos os livros de hist\u00f3rias cont\u00eam os degradantes atos de viol\u00eancia como algo t\u00e3o distante que nos olharemos como seres primitivos ainda n\u00e3o evolu\u00eddos.<\/p>\n\n\n\n<p>A minha pequena Maria, espero a comum vida de algu\u00e9m que n\u00e3o precise se reafirmar como mulher e negra a todo tempo, mas que seja a mulher negra que ela, em todos os espectros do mundo, desejar ser. E aos meus irm\u00e3os de pele preta, desejo a vida em todos os desacertos, e acertos que ela significa. E transborde em tantas cores, que eles s\u00f3 sejam a hist\u00f3ria, que eles quiserem contar.<\/p>","protected":false},"excerpt":{"rendered":"<p>Alexandre Campos Servidor p\u00fablico, cientista de dados, poeta, programador, torcedor do Utah Jazz, viciado em Clarice Lispector e tentando entender meu papel nesse mundo desde 1980, mas ainda sem sucesso. 9 minutos de racismo. Esse foi o tempo em que o policial ficou com joelho em cima do pesco\u00e7o de Floyd. E me pergunto o [&hellip;]<\/p>\n","protected":false},"author":5,"featured_media":3092,"comment_status":"open","ping_status":"open","sticky":false,"template":"","format":"standard","meta":{"_acf_changed":false,"_uag_custom_page_level_css":"","_uf_show_specific_survey":0,"_uf_disable_surveys":false,"footnotes":""},"categories":[858],"tags":[856,855,787,857],"class_list":["post-3086","post","type-post","status-publish","format-standard","has-post-thumbnail","hentry","category-megafone","tag-a-voz-do-tailgater","tag-megafone","tag-racismo","tag-seu-espaco","entry","has-media"],"acf":[],"yoast_head":"<!-- This site is optimized with the Yoast SEO plugin v27.4 - https:\/\/yoast.com\/product\/yoast-seo-wordpress\/ -->\n<title>Megafone #1: uma hist\u00f3ria de racismo entre tempos - tailgate zone<\/title>\n<meta name=\"description\" content=\"Estreamos a coluna \u201cmegafone\u201d com um assunto que merece reflex\u00e3o, seriedade e, sobretudo, uni\u00e3o para ser combatido: o racismo.\" \/>\n<meta name=\"robots\" content=\"index, follow, max-snippet:-1, max-image-preview:large, max-video-preview:-1\" \/>\n<link rel=\"canonical\" href=\"https:\/\/www.tailgatezone.com.br\/en\/megafone\/megafone-1-uma-historia-de-racismo-entre-tempos\/\" \/>\n<meta property=\"og:locale\" content=\"en_US\" \/>\n<meta property=\"og:type\" content=\"article\" \/>\n<meta property=\"og:title\" content=\"Megafone #1: uma hist\u00f3ria de racismo entre tempos - tailgate zone\" \/>\n<meta property=\"og:description\" content=\"Estreamos a coluna \u201cmegafone\u201d com um assunto que merece reflex\u00e3o, seriedade e, sobretudo, uni\u00e3o para ser combatido: o racismo.\" \/>\n<meta property=\"og:url\" content=\"https:\/\/www.tailgatezone.com.br\/en\/megafone\/megafone-1-uma-historia-de-racismo-entre-tempos\/\" \/>\n<meta property=\"og:site_name\" content=\"tailgate zone\" \/>\n<meta property=\"article:publisher\" content=\"https:\/\/www.facebook.com\/tailgatezone\" \/>\n<meta property=\"article:published_time\" content=\"2020-06-13T15:54:54+00:00\" \/>\n<meta property=\"og:image\" content=\"https:\/\/www.tailgatezone.com.br\/wp-content\/uploads\/2020\/06\/BANNER-megafone-1.jpg\" \/>\n\t<meta property=\"og:image:width\" content=\"1280\" \/>\n\t<meta property=\"og:image:height\" content=\"720\" \/>\n\t<meta property=\"og:image:type\" content=\"image\/jpeg\" \/>\n<meta name=\"author\" content=\"Fernando Franca\" \/>\n<meta name=\"twitter:card\" content=\"summary_large_image\" \/>\n<meta name=\"twitter:creator\" content=\"@tailgatezone_br\" \/>\n<meta name=\"twitter:site\" content=\"@tailgatezone_br\" \/>\n<meta name=\"twitter:label1\" content=\"Written by\" \/>\n\t<meta name=\"twitter:data1\" content=\"Fernando Franca\" \/>\n\t<meta name=\"twitter:label2\" content=\"Est. reading time\" \/>\n\t<meta name=\"twitter:data2\" content=\"5 minutes\" \/>\n<script type=\"application\/ld+json\" class=\"yoast-schema-graph\">{\"@context\":\"https:\\\/\\\/schema.org\",\"@graph\":[{\"@type\":\"Article\",\"@id\":\"https:\\\/\\\/www.tailgatezone.com.br\\\/megafone\\\/megafone-1-uma-historia-de-racismo-entre-tempos\\\/#article\",\"isPartOf\":{\"@id\":\"https:\\\/\\\/www.tailgatezone.com.br\\\/megafone\\\/megafone-1-uma-historia-de-racismo-entre-tempos\\\/\"},\"author\":{\"name\":\"Fernando Franca\",\"@id\":\"https:\\\/\\\/www.tailgatezone.com.br\\\/#\\\/schema\\\/person\\\/210d46a904520491411c885b40bf9546\"},\"headline\":\"Megafone #1: uma hist\u00f3ria de racismo entre tempos\",\"datePublished\":\"2020-06-13T15:54:54+00:00\",\"mainEntityOfPage\":{\"@id\":\"https:\\\/\\\/www.tailgatezone.com.br\\\/megafone\\\/megafone-1-uma-historia-de-racismo-entre-tempos\\\/\"},\"wordCount\":1007,\"commentCount\":1,\"publisher\":{\"@id\":\"https:\\\/\\\/www.tailgatezone.com.br\\\/#organization\"},\"image\":{\"@id\":\"https:\\\/\\\/www.tailgatezone.com.br\\\/megafone\\\/megafone-1-uma-historia-de-racismo-entre-tempos\\\/#primaryimage\"},\"thumbnailUrl\":\"https:\\\/\\\/www.tailgatezone.com.br\\\/wp-content\\\/uploads\\\/2020\\\/06\\\/BANNER-megafone-1.jpg\",\"keywords\":[\"a voz do tailgater\",\"megafone\",\"racismo\",\"seu espa\u00e7o\"],\"articleSection\":[\"Megafone\"],\"inLanguage\":\"en-US\",\"potentialAction\":[{\"@type\":\"CommentAction\",\"name\":\"Comment\",\"target\":[\"https:\\\/\\\/www.tailgatezone.com.br\\\/megafone\\\/megafone-1-uma-historia-de-racismo-entre-tempos\\\/#respond\"]}]},{\"@type\":\"WebPage\",\"@id\":\"https:\\\/\\\/www.tailgatezone.com.br\\\/megafone\\\/megafone-1-uma-historia-de-racismo-entre-tempos\\\/\",\"url\":\"https:\\\/\\\/www.tailgatezone.com.br\\\/megafone\\\/megafone-1-uma-historia-de-racismo-entre-tempos\\\/\",\"name\":\"Megafone #1: uma hist\u00f3ria de racismo entre tempos - tailgate zone\",\"isPartOf\":{\"@id\":\"https:\\\/\\\/www.tailgatezone.com.br\\\/#website\"},\"primaryImageOfPage\":{\"@id\":\"https:\\\/\\\/www.tailgatezone.com.br\\\/megafone\\\/megafone-1-uma-historia-de-racismo-entre-tempos\\\/#primaryimage\"},\"image\":{\"@id\":\"https:\\\/\\\/www.tailgatezone.com.br\\\/megafone\\\/megafone-1-uma-historia-de-racismo-entre-tempos\\\/#primaryimage\"},\"thumbnailUrl\":\"https:\\\/\\\/www.tailgatezone.com.br\\\/wp-content\\\/uploads\\\/2020\\\/06\\\/BANNER-megafone-1.jpg\",\"datePublished\":\"2020-06-13T15:54:54+00:00\",\"description\":\"Estreamos a coluna \u201cmegafone\u201d com um assunto que merece reflex\u00e3o, seriedade e, sobretudo, uni\u00e3o para ser combatido: o racismo.\",\"breadcrumb\":{\"@id\":\"https:\\\/\\\/www.tailgatezone.com.br\\\/megafone\\\/megafone-1-uma-historia-de-racismo-entre-tempos\\\/#breadcrumb\"},\"inLanguage\":\"en-US\",\"potentialAction\":[{\"@type\":\"ReadAction\",\"target\":[\"https:\\\/\\\/www.tailgatezone.com.br\\\/megafone\\\/megafone-1-uma-historia-de-racismo-entre-tempos\\\/\"]}]},{\"@type\":\"ImageObject\",\"inLanguage\":\"en-US\",\"@id\":\"https:\\\/\\\/www.tailgatezone.com.br\\\/megafone\\\/megafone-1-uma-historia-de-racismo-entre-tempos\\\/#primaryimage\",\"url\":\"https:\\\/\\\/www.tailgatezone.com.br\\\/wp-content\\\/uploads\\\/2020\\\/06\\\/BANNER-megafone-1.jpg\",\"contentUrl\":\"https:\\\/\\\/www.tailgatezone.com.br\\\/wp-content\\\/uploads\\\/2020\\\/06\\\/BANNER-megafone-1.jpg\",\"width\":1280,\"height\":720},{\"@type\":\"BreadcrumbList\",\"@id\":\"https:\\\/\\\/www.tailgatezone.com.br\\\/megafone\\\/megafone-1-uma-historia-de-racismo-entre-tempos\\\/#breadcrumb\",\"itemListElement\":[{\"@type\":\"ListItem\",\"position\":1,\"name\":\"In\u00edcio\",\"item\":\"https:\\\/\\\/www.tailgatezone.com.br\\\/\"},{\"@type\":\"ListItem\",\"position\":2,\"name\":\"Megafone #1: uma hist\u00f3ria de racismo entre tempos\"}]},{\"@type\":\"WebSite\",\"@id\":\"https:\\\/\\\/www.tailgatezone.com.br\\\/#website\",\"url\":\"https:\\\/\\\/www.tailgatezone.com.br\\\/\",\"name\":\"tailgate zone\",\"description\":\"um assunto s\u00e9rio tratado com muita esportividade\",\"publisher\":{\"@id\":\"https:\\\/\\\/www.tailgatezone.com.br\\\/#organization\"},\"potentialAction\":[{\"@type\":\"SearchAction\",\"target\":{\"@type\":\"EntryPoint\",\"urlTemplate\":\"https:\\\/\\\/www.tailgatezone.com.br\\\/?s={search_term_string}\"},\"query-input\":{\"@type\":\"PropertyValueSpecification\",\"valueRequired\":true,\"valueName\":\"search_term_string\"}}],\"inLanguage\":\"en-US\"},{\"@type\":\"Organization\",\"@id\":\"https:\\\/\\\/www.tailgatezone.com.br\\\/#organization\",\"name\":\"tailgate zone\",\"url\":\"https:\\\/\\\/www.tailgatezone.com.br\\\/\",\"logo\":{\"@type\":\"ImageObject\",\"inLanguage\":\"en-US\",\"@id\":\"https:\\\/\\\/www.tailgatezone.com.br\\\/#\\\/schema\\\/logo\\\/image\\\/\",\"url\":\"https:\\\/\\\/www.tailgatezone.com.br\\\/wp-content\\\/uploads\\\/2022\\\/09\\\/tailgatezone.png\",\"contentUrl\":\"https:\\\/\\\/www.tailgatezone.com.br\\\/wp-content\\\/uploads\\\/2022\\\/09\\\/tailgatezone.png\",\"width\":3894,\"height\":1500,\"caption\":\"tailgate zone\"},\"image\":{\"@id\":\"https:\\\/\\\/www.tailgatezone.com.br\\\/#\\\/schema\\\/logo\\\/image\\\/\"},\"sameAs\":[\"https:\\\/\\\/www.facebook.com\\\/tailgatezone\",\"https:\\\/\\\/x.com\\\/tailgatezone_br\",\"https:\\\/\\\/www.instagram.com\\\/tailgatezone\",\"https:\\\/\\\/youtube.com\\\/tailgatezonebr\"]},{\"@type\":\"Person\",\"@id\":\"https:\\\/\\\/www.tailgatezone.com.br\\\/#\\\/schema\\\/person\\\/210d46a904520491411c885b40bf9546\",\"name\":\"Fernando Franca\",\"image\":{\"@type\":\"ImageObject\",\"inLanguage\":\"en-US\",\"@id\":\"https:\\\/\\\/www.tailgatezone.com.br\\\/wp-content\\\/uploads\\\/2023\\\/01\\\/Fernandao-1024x1024.png\",\"url\":\"https:\\\/\\\/www.tailgatezone.com.br\\\/wp-content\\\/uploads\\\/2023\\\/01\\\/Fernandao-1024x1024.png\",\"contentUrl\":\"https:\\\/\\\/www.tailgatezone.com.br\\\/wp-content\\\/uploads\\\/2023\\\/01\\\/Fernandao-1024x1024.png\",\"caption\":\"Fernando Franca\"},\"description\":\"Cientista da informa\u00e7\u00e3o no hor\u00e1rio comercial. Apaixonado por Baseball e pelo Los Angeles Dodgers 24h\\\/dia. Acredito que, como disse Marx, o homem \u00e9 produto das circunst\u00e2ncias e que, por isso, \u00e9 preciso criar as circunst\u00e2ncias humanamente.\",\"url\":\"https:\\\/\\\/www.tailgatezone.com.br\\\/en\\\/author\\\/fernando\\\/\"}]}<\/script>\n<!-- \/ Yoast SEO plugin. -->","yoast_head_json":{"title":"Megafone #1: uma hist\u00f3ria de racismo entre tempos - tailgate zone","description":"Estreamos a coluna \u201cmegafone\u201d com um assunto que merece reflex\u00e3o, seriedade e, sobretudo, uni\u00e3o para ser combatido: o racismo.","robots":{"index":"index","follow":"follow","max-snippet":"max-snippet:-1","max-image-preview":"max-image-preview:large","max-video-preview":"max-video-preview:-1"},"canonical":"https:\/\/www.tailgatezone.com.br\/en\/megafone\/megafone-1-uma-historia-de-racismo-entre-tempos\/","og_locale":"en_US","og_type":"article","og_title":"Megafone #1: uma hist\u00f3ria de racismo entre tempos - tailgate zone","og_description":"Estreamos a coluna \u201cmegafone\u201d com um assunto que merece reflex\u00e3o, seriedade e, sobretudo, uni\u00e3o para ser combatido: o racismo.","og_url":"https:\/\/www.tailgatezone.com.br\/en\/megafone\/megafone-1-uma-historia-de-racismo-entre-tempos\/","og_site_name":"tailgate zone","article_publisher":"https:\/\/www.facebook.com\/tailgatezone","article_published_time":"2020-06-13T15:54:54+00:00","og_image":[{"width":1280,"height":720,"url":"https:\/\/www.tailgatezone.com.br\/wp-content\/uploads\/2020\/06\/BANNER-megafone-1.jpg","type":"image\/jpeg"}],"author":"Fernando Franca","twitter_card":"summary_large_image","twitter_creator":"@tailgatezone_br","twitter_site":"@tailgatezone_br","twitter_misc":{"Written by":"Fernando Franca","Est. reading time":"5 minutes"},"schema":{"@context":"https:\/\/schema.org","@graph":[{"@type":"Article","@id":"https:\/\/www.tailgatezone.com.br\/megafone\/megafone-1-uma-historia-de-racismo-entre-tempos\/#article","isPartOf":{"@id":"https:\/\/www.tailgatezone.com.br\/megafone\/megafone-1-uma-historia-de-racismo-entre-tempos\/"},"author":{"name":"Fernando Franca","@id":"https:\/\/www.tailgatezone.com.br\/#\/schema\/person\/210d46a904520491411c885b40bf9546"},"headline":"Megafone #1: uma hist\u00f3ria de racismo entre tempos","datePublished":"2020-06-13T15:54:54+00:00","mainEntityOfPage":{"@id":"https:\/\/www.tailgatezone.com.br\/megafone\/megafone-1-uma-historia-de-racismo-entre-tempos\/"},"wordCount":1007,"commentCount":1,"publisher":{"@id":"https:\/\/www.tailgatezone.com.br\/#organization"},"image":{"@id":"https:\/\/www.tailgatezone.com.br\/megafone\/megafone-1-uma-historia-de-racismo-entre-tempos\/#primaryimage"},"thumbnailUrl":"https:\/\/www.tailgatezone.com.br\/wp-content\/uploads\/2020\/06\/BANNER-megafone-1.jpg","keywords":["a voz do tailgater","megafone","racismo","seu espa\u00e7o"],"articleSection":["Megafone"],"inLanguage":"en-US","potentialAction":[{"@type":"CommentAction","name":"Comment","target":["https:\/\/www.tailgatezone.com.br\/megafone\/megafone-1-uma-historia-de-racismo-entre-tempos\/#respond"]}]},{"@type":"WebPage","@id":"https:\/\/www.tailgatezone.com.br\/megafone\/megafone-1-uma-historia-de-racismo-entre-tempos\/","url":"https:\/\/www.tailgatezone.com.br\/megafone\/megafone-1-uma-historia-de-racismo-entre-tempos\/","name":"Megafone #1: uma hist\u00f3ria de racismo entre tempos - tailgate zone","isPartOf":{"@id":"https:\/\/www.tailgatezone.com.br\/#website"},"primaryImageOfPage":{"@id":"https:\/\/www.tailgatezone.com.br\/megafone\/megafone-1-uma-historia-de-racismo-entre-tempos\/#primaryimage"},"image":{"@id":"https:\/\/www.tailgatezone.com.br\/megafone\/megafone-1-uma-historia-de-racismo-entre-tempos\/#primaryimage"},"thumbnailUrl":"https:\/\/www.tailgatezone.com.br\/wp-content\/uploads\/2020\/06\/BANNER-megafone-1.jpg","datePublished":"2020-06-13T15:54:54+00:00","description":"Estreamos a coluna \u201cmegafone\u201d com um assunto que merece reflex\u00e3o, seriedade e, sobretudo, uni\u00e3o para ser combatido: o racismo.","breadcrumb":{"@id":"https:\/\/www.tailgatezone.com.br\/megafone\/megafone-1-uma-historia-de-racismo-entre-tempos\/#breadcrumb"},"inLanguage":"en-US","potentialAction":[{"@type":"ReadAction","target":["https:\/\/www.tailgatezone.com.br\/megafone\/megafone-1-uma-historia-de-racismo-entre-tempos\/"]}]},{"@type":"ImageObject","inLanguage":"en-US","@id":"https:\/\/www.tailgatezone.com.br\/megafone\/megafone-1-uma-historia-de-racismo-entre-tempos\/#primaryimage","url":"https:\/\/www.tailgatezone.com.br\/wp-content\/uploads\/2020\/06\/BANNER-megafone-1.jpg","contentUrl":"https:\/\/www.tailgatezone.com.br\/wp-content\/uploads\/2020\/06\/BANNER-megafone-1.jpg","width":1280,"height":720},{"@type":"BreadcrumbList","@id":"https:\/\/www.tailgatezone.com.br\/megafone\/megafone-1-uma-historia-de-racismo-entre-tempos\/#breadcrumb","itemListElement":[{"@type":"ListItem","position":1,"name":"In\u00edcio","item":"https:\/\/www.tailgatezone.com.br\/"},{"@type":"ListItem","position":2,"name":"Megafone #1: uma hist\u00f3ria de racismo entre tempos"}]},{"@type":"WebSite","@id":"https:\/\/www.tailgatezone.com.br\/#website","url":"https:\/\/www.tailgatezone.com.br\/","name":"tailgate zone","description":"omething as serious as the bottom of the ninth","publisher":{"@id":"https:\/\/www.tailgatezone.com.br\/#organization"},"potentialAction":[{"@type":"SearchAction","target":{"@type":"EntryPoint","urlTemplate":"https:\/\/www.tailgatezone.com.br\/?s={search_term_string}"},"query-input":{"@type":"PropertyValueSpecification","valueRequired":true,"valueName":"search_term_string"}}],"inLanguage":"en-US"},{"@type":"Organization","@id":"https:\/\/www.tailgatezone.com.br\/#organization","name":"tailgate zone","url":"https:\/\/www.tailgatezone.com.br\/","logo":{"@type":"ImageObject","inLanguage":"en-US","@id":"https:\/\/www.tailgatezone.com.br\/#\/schema\/logo\/image\/","url":"https:\/\/www.tailgatezone.com.br\/wp-content\/uploads\/2022\/09\/tailgatezone.png","contentUrl":"https:\/\/www.tailgatezone.com.br\/wp-content\/uploads\/2022\/09\/tailgatezone.png","width":3894,"height":1500,"caption":"tailgate zone"},"image":{"@id":"https:\/\/www.tailgatezone.com.br\/#\/schema\/logo\/image\/"},"sameAs":["https:\/\/www.facebook.com\/tailgatezone","https:\/\/x.com\/tailgatezone_br","https:\/\/www.instagram.com\/tailgatezone","https:\/\/youtube.com\/tailgatezonebr"]},{"@type":"Person","@id":"https:\/\/www.tailgatezone.com.br\/#\/schema\/person\/210d46a904520491411c885b40bf9546","name":"Fernando Franca","image":{"@type":"ImageObject","inLanguage":"en-US","@id":"https:\/\/www.tailgatezone.com.br\/wp-content\/uploads\/2023\/01\/Fernandao-1024x1024.png","url":"https:\/\/www.tailgatezone.com.br\/wp-content\/uploads\/2023\/01\/Fernandao-1024x1024.png","contentUrl":"https:\/\/www.tailgatezone.com.br\/wp-content\/uploads\/2023\/01\/Fernandao-1024x1024.png","caption":"Fernando Franca"},"description":"Cientista da informa\u00e7\u00e3o no hor\u00e1rio comercial. Apaixonado por Baseball e pelo Los Angeles Dodgers 24h\/dia. Acredito que, como disse Marx, o homem \u00e9 produto das circunst\u00e2ncias e que, por isso, \u00e9 preciso criar as circunst\u00e2ncias humanamente.","url":"https:\/\/www.tailgatezone.com.br\/en\/author\/fernando\/"}]}},"uagb_featured_image_src":{"full":["https:\/\/www.tailgatezone.com.br\/wp-content\/uploads\/2020\/06\/BANNER-megafone-1.jpg",1280,720,false],"thumbnail":["https:\/\/www.tailgatezone.com.br\/wp-content\/uploads\/2020\/06\/BANNER-megafone-1-150x150.jpg",150,150,true],"medium":["https:\/\/www.tailgatezone.com.br\/wp-content\/uploads\/2020\/06\/BANNER-megafone-1-300x169.jpg",300,169,true],"medium_large":["https:\/\/www.tailgatezone.com.br\/wp-content\/uploads\/2020\/06\/BANNER-megafone-1-768x432.jpg",768,432,true],"large":["https:\/\/www.tailgatezone.com.br\/wp-content\/uploads\/2020\/06\/BANNER-megafone-1-1024x576.jpg",1024,576,true],"1536x1536":["https:\/\/www.tailgatezone.com.br\/wp-content\/uploads\/2020\/06\/BANNER-megafone-1.jpg",1280,720,false],"2048x2048":["https:\/\/www.tailgatezone.com.br\/wp-content\/uploads\/2020\/06\/BANNER-megafone-1.jpg",1280,720,false],"trp-custom-language-flag":["https:\/\/www.tailgatezone.com.br\/wp-content\/uploads\/2020\/06\/BANNER-megafone-1.jpg",18,10,false],"ocean-thumb-m":["https:\/\/www.tailgatezone.com.br\/wp-content\/uploads\/2020\/06\/BANNER-megafone-1.jpg",600,338,false],"ocean-thumb-ml":["https:\/\/www.tailgatezone.com.br\/wp-content\/uploads\/2020\/06\/BANNER-megafone-1.jpg",800,450,false],"ocean-thumb-l":["https:\/\/www.tailgatezone.com.br\/wp-content\/uploads\/2020\/06\/BANNER-megafone-1.jpg",1200,675,false]},"uagb_author_info":{"display_name":"Fernando Franca","author_link":"https:\/\/www.tailgatezone.com.br\/en\/author\/fernando\/"},"uagb_comment_info":1,"uagb_excerpt":"Alexandre Campos Servidor p\u00fablico, cientista de dados, poeta, programador, torcedor do Utah Jazz, viciado em Clarice Lispector e tentando entender meu papel nesse mundo desde 1980, mas ainda sem sucesso. 9 minutos de racismo. Esse foi o tempo em que o policial ficou com joelho em cima do pesco\u00e7o de Floyd. E me pergunto o&hellip;","_links":{"self":[{"href":"https:\/\/www.tailgatezone.com.br\/en\/wp-json\/wp\/v2\/posts\/3086","targetHints":{"allow":["GET"]}}],"collection":[{"href":"https:\/\/www.tailgatezone.com.br\/en\/wp-json\/wp\/v2\/posts"}],"about":[{"href":"https:\/\/www.tailgatezone.com.br\/en\/wp-json\/wp\/v2\/types\/post"}],"author":[{"embeddable":true,"href":"https:\/\/www.tailgatezone.com.br\/en\/wp-json\/wp\/v2\/users\/5"}],"replies":[{"embeddable":true,"href":"https:\/\/www.tailgatezone.com.br\/en\/wp-json\/wp\/v2\/comments?post=3086"}],"version-history":[{"count":0,"href":"https:\/\/www.tailgatezone.com.br\/en\/wp-json\/wp\/v2\/posts\/3086\/revisions"}],"wp:featuredmedia":[{"embeddable":true,"href":"https:\/\/www.tailgatezone.com.br\/en\/wp-json\/wp\/v2\/media\/3092"}],"wp:attachment":[{"href":"https:\/\/www.tailgatezone.com.br\/en\/wp-json\/wp\/v2\/media?parent=3086"}],"wp:term":[{"taxonomy":"category","embeddable":true,"href":"https:\/\/www.tailgatezone.com.br\/en\/wp-json\/wp\/v2\/categories?post=3086"},{"taxonomy":"post_tag","embeddable":true,"href":"https:\/\/www.tailgatezone.com.br\/en\/wp-json\/wp\/v2\/tags?post=3086"}],"curies":[{"name":"wp","href":"https:\/\/api.w.org\/{rel}","templated":true}]}}