{"id":3110,"date":"2020-06-21T12:15:49","date_gmt":"2020-06-21T15:15:49","guid":{"rendered":"http:\/\/www.tailgatezone.com.br\/?p=3110"},"modified":"2020-06-21T12:15:49","modified_gmt":"2020-06-21T15:15:49","slug":"megafone-2-representatividade-oportunidade-e-luta","status":"publish","type":"post","link":"https:\/\/www.tailgatezone.com.br\/en\/megafone\/megafone-2-representatividade-oportunidade-e-luta\/","title":{"rendered":"Megafone #2: representatividade, oportunidade e luta"},"content":{"rendered":"<hr class=\"wp-block-separator\"\/>\n\n\n\n<div class=\"wp-block-columns is-layout-flex wp-container-core-columns-is-layout-9d6595d7 wp-block-columns-is-layout-flex\">\n<div class=\"wp-block-column is-layout-flow wp-block-column-is-layout-flow\" style=\"flex-basis:33.33%\">\n<figure class=\"wp-block-image size-large\"><img decoding=\"async\" src=\"http:\/\/www.tailgatezone.com.br\/wp-content\/uploads\/2020\/06\/WhatsApp-Image-2020-06-15-at-17.46.56-1.jpeg\" alt=\"\" class=\"wp-image-3201\"\/><\/figure>\n<\/div>\n\n\n\n<div class=\"wp-block-column is-vertically-aligned-center is-layout-flow wp-block-column-is-layout-flow\" style=\"flex-basis:66.66%\">\n<p class=\"has-text-align-center\">Vanessa Campos, m\u00e3e, professora, pedagoga. Nascida em 2015 aos 31 anos, quando entendeu que poderia enfim virar a chave\u2026<\/p>\n<\/div>\n<\/div>\n\n\n\n<hr class=\"wp-block-separator\"\/>\n\n\n\n<p>Sou Vanessa, sou preta, 37 anos. Sinceramente creio que esse tem sido o tempo para aprender a n\u00e3o naturalizar atitudes discriminat\u00f3rias relativas \u00e0 minha pele. Atitudes essas oriundas da sociedade em geral, coletivo no qual incluo minha fam\u00edlia preta, meus irm\u00e3os de cor e at\u00e9 a mim mesma. N\u00e3o vou entrar nessa seara de <a href=\"https:\/\/www.tailgatezone.com.br\/en\/megafone\/megafone-1-uma-historia-de-racismo-entre-tempos\/\">atitudes discriminat\u00f3rias<\/a> por parte de quem sofre a discrimina\u00e7\u00e3o, pois seria uma extensa discuss\u00e3o e terminar\u00edamos no termo que me arde a garganta somente em pronunci\u00e1-lo: racismo reverso.<\/p>\n\n\n\n<p>Longe de mim reduzir tudo isso a uma fala simplista, mas \u00e9 fato: a atitude distorcida quanto ao seu \u201ceu\u201d, sua imagem ou simplesmente aquilo a que ela representa, \u00e9 sim um comportamento aprendido.<\/p>\n\n\n\n<h4 class=\"wp-block-heading\">Meu cabelo<\/h4>\n\n\n\n<p>Visitando minhas mem\u00f3rias de inf\u00e2ncia, n\u00e3o me recordo em admirar uma mulher preta. Mesmo tendo convivido, entre outras, com minha bisav\u00f3 paterna, Dona Rosa, escravizada. Como morreu com quase 110 anos, ainda convivi um pouco com ela na inf\u00e2ncia. Levei muito, mas muito tempo para me dar conta do quanto esse tanto de hist\u00f3ria brasileira se misturou a minha hist\u00f3ria familiar.&nbsp; Mas minhas hero\u00ednas? Sempre mulheres lindas e loiras que me faziam respirar aliviada em n\u00e3o ser uma preta retinta. &nbsp;Moreninha? Mulatinha? Enfim&#8230; Meu cabelo?<\/p>\n\n\n\n<div class=\"wp-block-image\"><figure class=\"aligncenter size-large\"><img fetchpriority=\"high\" decoding=\"async\" width=\"1024\" height=\"683\" src=\"http:\/\/www.tailgatezone.com.br\/wp-content\/uploads\/2020\/06\/cabelo-1024x683.jpg\" alt=\"O cabelo \u00e9 representatividade \u00e9 identidade.\" class=\"wp-image-3114\" srcset=\"https:\/\/www.tailgatezone.com.br\/wp-content\/uploads\/2020\/06\/cabelo-1024x683.jpg 1024w, https:\/\/www.tailgatezone.com.br\/wp-content\/uploads\/2020\/06\/cabelo-300x200.jpg 300w, https:\/\/www.tailgatezone.com.br\/wp-content\/uploads\/2020\/06\/cabelo-768x512.jpg 768w, https:\/\/www.tailgatezone.com.br\/wp-content\/uploads\/2020\/06\/cabelo-272x182.jpg 272w, https:\/\/www.tailgatezone.com.br\/wp-content\/uploads\/2020\/06\/cabelo.jpg 1200w\" sizes=\"(max-width: 1024px) 100vw, 1024px\" \/><figcaption>Meu cabelo.<br>Fonte: Stylist.com<\/figcaption><\/figure><\/div>\n\n\n\n<p>Isso era um cap\u00edtulo a parte. J\u00e1 muito jovem minha m\u00e3e resolver me alisar, afinal, um cabelo crespo, al\u00e9m de considerado feio, d\u00e1 muito trabalho. Eu alisei sim. Mas meu cabelo nem de longe parecia um cabelo como das minhas hero\u00ednas da TV ou mesmo das meninas brancas bonitas da escola. Em casa eu improvisava&#8230;. Colocava panos, toalhas, fingindo ter o cabelo liso dos sonhos. Em tempo: podemos ter hero\u00ednas de todas a cores. Mas \u00e9 uma manobra perigosa quando a\u00e7\u00f5es levam uma crian\u00e7a a entender que nada em si mesma \u00e9 pass\u00edvel de aceita\u00e7\u00e3o.<\/p>\n\n\n\n<h4 class=\"wp-block-heading\">Representatividade<\/h4>\n\n\n\n<p>Gostaria de abrir um par\u00eantese aqui para falar sobre representatividade. Aos 8 anos assisti ao meu primeiro filme no cinema. Nos bons tempos dos gigantescos cinemas de rua. O filme era \u201cGhost, do outro lado da vida.\u201d Apesar da boa hist\u00f3ria, da engra\u00e7ad\u00edssima Whoopi Goldberg, da beleza estonteante do Patrick Swayze e do todo meu encantamento com aquele gigantesco jogo de imagem, luz e som&#8230;. Um detalhe me chamou imediatamente a aten\u00e7\u00e3o e at\u00e9 hoje me recordo do sentimento que tive: a mocinha do filme, a atriz Demi Moore, tinha cabelo curto, muito curto. E eu a achei linda! Apesar de. N\u00e3o sei se \u00e9 poss\u00edvel entender.<\/p>\n\n\n\n<div class=\"wp-block-image\"><figure class=\"aligncenter size-large is-resized\"><img decoding=\"async\" src=\"http:\/\/www.tailgatezone.com.br\/wp-content\/uploads\/2020\/06\/Whoopi-Goldberg-1024x1024.jpg\" alt=\"Quando voc\u00ea encontra sua refer\u00eancia de verdade.\" class=\"wp-image-3115\" width=\"579\" height=\"579\" srcset=\"https:\/\/www.tailgatezone.com.br\/wp-content\/uploads\/2020\/06\/Whoopi-Goldberg-1024x1024.jpg 1024w, https:\/\/www.tailgatezone.com.br\/wp-content\/uploads\/2020\/06\/Whoopi-Goldberg-300x300.jpg 300w, https:\/\/www.tailgatezone.com.br\/wp-content\/uploads\/2020\/06\/Whoopi-Goldberg-150x150.jpg 150w, https:\/\/www.tailgatezone.com.br\/wp-content\/uploads\/2020\/06\/Whoopi-Goldberg-768x768.jpg 768w, https:\/\/www.tailgatezone.com.br\/wp-content\/uploads\/2020\/06\/Whoopi-Goldberg-1536x1536.jpg 1536w, https:\/\/www.tailgatezone.com.br\/wp-content\/uploads\/2020\/06\/Whoopi-Goldberg.jpg 1800w\" sizes=\"(max-width: 579px) 100vw, 579px\" \/><figcaption>Whoopi Goldberg.<br>Fonte: ArtStation.com<\/figcaption><\/figure><\/div>\n\n\n\n<p>Na minha cabe\u00e7a de menina preta, moradora do morro, ter cabelos longos e lisos era um tra\u00e7o de feminilidade e beleza. Como se nada diferente disso fizesse sentido. Mas sim, ela tinha cabelos curtos, era linda e tinha um namorado lindo. De fato, ela n\u00e3o era preta. &nbsp;Mas o simples detalhe do cabelo curto, ainda que liso, foi um pequeno lampejo de desconstru\u00e7\u00e3o de um padr\u00e3o branco de beleza. Mas obviamente, ainda levaria muito tempo para que essa desconstru\u00e7\u00e3o atingisse outro patamar dentro de mim.<\/p>\n\n\n\n<h4 class=\"wp-block-heading\">Ponto fora da curva<\/h4>\n\n\n\n<p>Quanto a j\u00e1 ter sofrido racismo, teria muitas hist\u00f3rias para contar. Apesar de n\u00e3o galgar lugares considerados majestosos em nossa sociedade, fui um ponto fora da curva. Com todas as lutas da inf\u00e2ncia e adolesc\u00eancia de m\u00e3e manicure a pai alco\u00f3latra, desempregado na maior parte do tempo, aos 22 anos j\u00e1 tinha um diploma de curso superior de uma Universidade P\u00fablica nas m\u00e3os. Feito esse n\u00e3o atingido por 98% das meninas que conviviam comigo.<\/p>\n\n\n\n<p>Na \u00e9poca em que cursei a Universidade Federal, n\u00f3s pretos \u00e9ramos 2% no n\u00edvel superior. Lutei e agarrei as poucas oportunidades que tive. Mas isso n\u00e3o faz de mim um \u00edcone do \u201cse voc\u00ea quer voc\u00ea consegue.\u201d Isso \u00e9 uma das maiores fal\u00e1cias do <a href=\"https:\/\/pt.wikipedia.org\/wiki\/Neoliberalismo#:~:text=Neoliberalismo%20%C3%A9%20um%20termo%20que,mercado%22%2C%20por%20exemplo%2C%20sobretudo\">sistema neoliberal<\/a>. Nem de longe as oportunidades s\u00e3o iguais. Muita gente quer, e muito, mas n\u00e3o consegue. Tanto \u00e9 assim que at\u00e9 hoje, depois de 15 anos de formada, n\u00e3o consegui dar prosseguimento aos estudos acad\u00eamicos porque pagar as contas e p\u00f4r arroz e feij\u00e3o na mesa seguem sendo prioridades.<\/p>\n\n\n\n<figure class=\"wp-block-image size-large\"><img decoding=\"async\" width=\"1024\" height=\"683\" src=\"http:\/\/www.tailgatezone.com.br\/wp-content\/uploads\/2020\/06\/pela-primeira-vez-negros-sacc83o-maioria-nas-universidades-pucc81blicas-1024x683.jpg\" alt=\"Pela primeira vez, negros s\u00e3o maioria nas universidades p\u00fablicas.\" class=\"wp-image-3116\" srcset=\"https:\/\/www.tailgatezone.com.br\/wp-content\/uploads\/2020\/06\/pela-primeira-vez-negros-sacc83o-maioria-nas-universidades-pucc81blicas-1024x683.jpg 1024w, https:\/\/www.tailgatezone.com.br\/wp-content\/uploads\/2020\/06\/pela-primeira-vez-negros-sacc83o-maioria-nas-universidades-pucc81blicas-300x200.jpg 300w, https:\/\/www.tailgatezone.com.br\/wp-content\/uploads\/2020\/06\/pela-primeira-vez-negros-sacc83o-maioria-nas-universidades-pucc81blicas-768x512.jpg 768w, https:\/\/www.tailgatezone.com.br\/wp-content\/uploads\/2020\/06\/pela-primeira-vez-negros-sacc83o-maioria-nas-universidades-pucc81blicas-272x182.jpg 272w, https:\/\/www.tailgatezone.com.br\/wp-content\/uploads\/2020\/06\/pela-primeira-vez-negros-sacc83o-maioria-nas-universidades-pucc81blicas.jpg 1200w\" sizes=\"(max-width: 1024px) 100vw, 1024px\" \/><figcaption>De 2% para maioria.<br>Fonte: Guia do Estudante<\/figcaption><\/figure>\n\n\n\n<p>Mas de qualquer forma, quando somos \u201cpontos fora da curva\u201d ainda que de forma modesta, passamos a conviver com pessoas que n\u00e3o fazem parte das suas origens. Ser concursada e at\u00e9 mesmo atuar na sede de \u00f3rg\u00e3os p\u00fablicos atrai os olhares estilo \u201co que voc\u00ea faz aqui?\u201d. Como disse, seriam muitas hist\u00f3rias.<\/p>\n\n\n\n<h4 class=\"wp-block-heading\">Uma hist\u00f3ria no consult\u00f3rio m\u00e9dico<\/h4>\n\n\n\n<p>Mas vou me limitar a contar uma de um dia em que estava com a Maria, minha filha. At\u00e9 porque quero fazer alus\u00e3o a ela em seguida. Em certa ocasi\u00e3o, est\u00e1vamos em um consult\u00f3rio m\u00e9dico. O bairro do consult\u00f3rio \u00e9 nobre. Um belo pr\u00e9dio comercial pr\u00f3ximo ao mar. A m\u00e9dica, n\u00e3o me conhecia. Primeira consulta. M\u00e9dica loira. Bem vestida. Essa hist\u00f3ria \u00e9 curiosa porque eu n\u00e3o fui ofendida. Ao contr\u00e1rio. A m\u00e9dica acreditou estar me fazendo um bem. Sua fala era pausada, quase desenhada, me explicava conceitos muito, mas muito b\u00e1sicos sobre sa\u00fade feminina.<\/p>\n\n\n\n<p>Por fim, quando eu perguntei sobre um determinado tipo de vacina para dar a Maria, ela me explicou (dando detalhes de como procurar o <em>Postinho<\/em> de Sa\u00fade) que o SUS iria cobrir a primeira e a segunda dose, mas que seria importante dar a terceira, paga. At\u00e9 a\u00ed ok. Mas o melhor estava por vir. Cada dose \u00e9 dada a cada 6 meses. A m\u00e9dica diz: \u201cOlha voc\u00ea come\u00e7a a guardar o dinheirinho desde agora t\u00e1? Porque a\u00ed quando chegar a hora, voc\u00ea vai poder pagar a terceira dose da vacina.\u201d<\/p>\n\n\n\n<p>A vacina custa entre R$ 300,00 e R$ 400,00. A minha apar\u00eancia preta a fez deduzir que eu precisaria aguardar um ano para ter esse valor em m\u00e3os e pagar a vacina da menina. N\u00e3o considerei uma atitude discriminat\u00f3ria. Mas foi sim preconceituosa (s\u00e3o coisas diferentes), pois partiu de uma ideia pr\u00e9-concebida sobre minha imagem, e imagem da minha filha, na qual a pessoa envolvida n\u00e3o se permitiu nem ao menos perguntar sobre mim ou minhas condi\u00e7\u00f5es de vida.<\/p>\n\n\n\n<h4 class=\"wp-block-heading\">Uma outra gera\u00e7\u00e3o. O novo sempre vem<\/h4>\n\n\n\n<p>Eu citei a hist\u00f3ria acima porque de certa forma envolve a Maria, mesmo que indiretamente. Percebo Maria com outro olhar sobre o preconceito e tor\u00e7o para que a gera\u00e7\u00e3o dela possa de fato mudar muitas coisas. Ser m\u00e3e me ajudou muito no processo de auto aceita\u00e7\u00e3o. Meu cabelo foi alisado at\u00e9 os meus 32 anos de vida. Nessa \u00e9poca j\u00e1 era m\u00e3e.<\/p>\n\n\n\n<p>Percebia na minha filha um desejo de cabelo liso muito caracter\u00edstico em meninas pretas. Como educar com palavras e ter posturas antag\u00f4nicas? Tive um medo terr\u00edvel de assumir o cabelo crespo. Mas fechei meus olhos e fui. Melhor decis\u00e3o da vida. Me apaixonei pelo meu cabelo, pois eu nem mesmo o conhecia. Fui alisada aos cinco anos de idade e odiava tanto meu DNA, que imaginava que em um mundo onde eu fosse perfeita, meu cabelo seria liso, com certeza, j\u00e1 que o crespo para mim era um tra\u00e7o de imperfei\u00e7\u00e3o. Pentear o cabelo da minha filha era um transtorno.<\/p>\n\n\n\n<figure class=\"wp-block-image size-large\"><img loading=\"lazy\" decoding=\"async\" width=\"801\" height=\"1024\" src=\"http:\/\/www.tailgatezone.com.br\/wp-content\/uploads\/2020\/06\/mae_e_filha-801x1024.jpg\" alt=\"Segurar as m\u00e3os e seguir o caminho.\" class=\"wp-image-3118\" srcset=\"https:\/\/www.tailgatezone.com.br\/wp-content\/uploads\/2020\/06\/mae_e_filha-801x1024.jpg 801w, https:\/\/www.tailgatezone.com.br\/wp-content\/uploads\/2020\/06\/mae_e_filha-235x300.jpg 235w, https:\/\/www.tailgatezone.com.br\/wp-content\/uploads\/2020\/06\/mae_e_filha-768x981.jpg 768w, https:\/\/www.tailgatezone.com.br\/wp-content\/uploads\/2020\/06\/mae_e_filha.jpg 1155w\" sizes=\"(max-width: 801px) 100vw, 801px\" \/><figcaption>Sou o que sou.<br>Fonte: Pinterest.<\/figcaption><\/figure>\n\n\n\n<p>Hoje \u00e9 quase terap\u00eautico. Mas precisei me aceitar para entender isso. Recentemente tive uma grata surpresa. Maria, me disse: \u201cM\u00e3e, te acho uma mulher \u2018empoderada\u2019. Voc\u00ea assume sua diferen\u00e7a, seu cabelo, seu corpo que n\u00e3o \u00e9 padr\u00e3o. N\u00e3o liga se n\u00e3o gostam!\u201d Obviamente Maria ainda n\u00e3o sabe das lutas internas necess\u00e1rias para que isso seja poss\u00edvel, mas sua fala foi um term\u00f4metro para entender que esse \u00e9 o caminho.<\/p>\n\n\n\n<h4 class=\"wp-block-heading\">M\u00e3e e professora<\/h4>\n\n\n\n<p>Sou m\u00e3e, sou professora. Percebo que as crian\u00e7as hoje t\u00eam percep\u00e7\u00f5es diferentes das pessoas da minha gera\u00e7\u00e3o. Mas ainda assim, n\u00e3o vislumbro melhoras r\u00e1pidas quanto ao racismo. Acho que o processo ainda \u00e9 longo, se \u00e9 que \u00e9 poss\u00edvel. J\u00e1 se passaram 132 anos desde a controversa Lei \u00c1urea, e ainda nos escravizam.<\/p>\n\n\n\n<p>Ainda temos irm\u00e3os pretos e irm\u00e3s pretas que tentam passar pelos processos de branqueamento para serem aceitos. Temos os que naturalizam sua condi\u00e7\u00e3o de serem postos a margem. Falar me causa dor. Minha esperan\u00e7a \u00e9 que nossas crian\u00e7as pretas lutem com menos dor. Minha esperan\u00e7a \u00e9 que nossas crian\u00e7as brancas n\u00e3o carreguem a imposi\u00e7\u00e3o da discrimina\u00e7\u00e3o. Apesar de Jo\u00e3o Pedro, apesar de Miguel, apesar dos que nem chegamos a saber o nome.<\/p>","protected":false},"excerpt":{"rendered":"<p>Vanessa Campos, m\u00e3e, professora, pedagoga. Nascida em 2015 aos 31 anos, quando entendeu que poderia enfim virar a chave\u2026 Sou Vanessa, sou preta, 37 anos. Sinceramente creio que esse tem sido o tempo para aprender a n\u00e3o naturalizar atitudes discriminat\u00f3rias relativas \u00e0 minha pele. Atitudes essas oriundas da sociedade em geral, coletivo no qual incluo [&hellip;]<\/p>\n","protected":false},"author":5,"featured_media":3204,"comment_status":"open","ping_status":"open","sticky":false,"template":"","format":"standard","meta":{"_acf_changed":false,"_uag_custom_page_level_css":"","_uf_show_specific_survey":0,"_uf_disable_surveys":false,"footnotes":""},"categories":[858],"tags":[863,153,866,865,864,699,862],"class_list":["post-3110","post","type-post","status-publish","format-standard","has-post-thumbnail","hentry","category-megafone","tag-antirracismo","tag-blacklivesmatter","tag-lugardefala","tag-megafone-2","tag-racismonao","tag-tailgatezone","tag-vidas","entry","has-media"],"acf":[],"yoast_head":"<!-- This site is optimized with the Yoast SEO plugin v27.4 - https:\/\/yoast.com\/product\/yoast-seo-wordpress\/ -->\n<title>Megafone #2: representatividade, oportunidade e luta - tailgate zone<\/title>\n<meta name=\"description\" content=\"Representatividade, oportunidade e luta. No megafone dessa semana, uma tailgater fala da import\u00e2ncia de cada uma delas, baseado em tudo que j\u00e1 viveu.\" \/>\n<meta name=\"robots\" content=\"index, follow, max-snippet:-1, max-image-preview:large, max-video-preview:-1\" \/>\n<link rel=\"canonical\" href=\"https:\/\/www.tailgatezone.com.br\/en\/megafone\/megafone-2-representatividade-oportunidade-e-luta\/\" \/>\n<meta property=\"og:locale\" content=\"en_US\" \/>\n<meta property=\"og:type\" content=\"article\" \/>\n<meta property=\"og:title\" content=\"Megafone #2: representatividade, oportunidade e luta - tailgate zone\" \/>\n<meta property=\"og:description\" content=\"Representatividade, oportunidade e luta. No megafone dessa semana, uma tailgater fala da import\u00e2ncia de cada uma delas, baseado em tudo que j\u00e1 viveu.\" \/>\n<meta property=\"og:url\" content=\"https:\/\/www.tailgatezone.com.br\/en\/megafone\/megafone-2-representatividade-oportunidade-e-luta\/\" \/>\n<meta property=\"og:site_name\" content=\"tailgate zone\" \/>\n<meta property=\"article:publisher\" content=\"https:\/\/www.facebook.com\/tailgatezone\" \/>\n<meta property=\"article:published_time\" content=\"2020-06-21T15:15:49+00:00\" \/>\n<meta property=\"og:image\" content=\"https:\/\/www.tailgatezone.com.br\/wp-content\/uploads\/2020\/06\/BANNER-megafone-2.jpg\" \/>\n\t<meta property=\"og:image:width\" content=\"1280\" \/>\n\t<meta property=\"og:image:height\" content=\"720\" \/>\n\t<meta property=\"og:image:type\" content=\"image\/jpeg\" \/>\n<meta name=\"author\" content=\"Fernando Franca\" \/>\n<meta name=\"twitter:card\" content=\"summary_large_image\" \/>\n<meta name=\"twitter:creator\" content=\"@tailgatezone_br\" \/>\n<meta name=\"twitter:site\" content=\"@tailgatezone_br\" \/>\n<meta name=\"twitter:label1\" content=\"Written by\" \/>\n\t<meta name=\"twitter:data1\" content=\"Fernando Franca\" \/>\n\t<meta name=\"twitter:label2\" content=\"Est. reading time\" \/>\n\t<meta name=\"twitter:data2\" content=\"8 minutes\" \/>\n<script type=\"application\/ld+json\" class=\"yoast-schema-graph\">{\"@context\":\"https:\\\/\\\/schema.org\",\"@graph\":[{\"@type\":\"Article\",\"@id\":\"https:\\\/\\\/www.tailgatezone.com.br\\\/megafone\\\/megafone-2-representatividade-oportunidade-e-luta\\\/#article\",\"isPartOf\":{\"@id\":\"https:\\\/\\\/www.tailgatezone.com.br\\\/megafone\\\/megafone-2-representatividade-oportunidade-e-luta\\\/\"},\"author\":{\"name\":\"Fernando Franca\",\"@id\":\"https:\\\/\\\/www.tailgatezone.com.br\\\/#\\\/schema\\\/person\\\/210d46a904520491411c885b40bf9546\"},\"headline\":\"Megafone #2: representatividade, oportunidade e luta\",\"datePublished\":\"2020-06-21T15:15:49+00:00\",\"mainEntityOfPage\":{\"@id\":\"https:\\\/\\\/www.tailgatezone.com.br\\\/megafone\\\/megafone-2-representatividade-oportunidade-e-luta\\\/\"},\"wordCount\":1506,\"commentCount\":0,\"publisher\":{\"@id\":\"https:\\\/\\\/www.tailgatezone.com.br\\\/#organization\"},\"image\":{\"@id\":\"https:\\\/\\\/www.tailgatezone.com.br\\\/megafone\\\/megafone-2-representatividade-oportunidade-e-luta\\\/#primaryimage\"},\"thumbnailUrl\":\"https:\\\/\\\/www.tailgatezone.com.br\\\/wp-content\\\/uploads\\\/2020\\\/06\\\/BANNER-megafone-2.jpg\",\"keywords\":[\"#antirracismo\",\"#blacklivesmatter\",\"#lugardefala\",\"#megafone\",\"#racismonao\",\"#tailgatezone\",\"#vidas\"],\"articleSection\":[\"Megafone\"],\"inLanguage\":\"en-US\",\"potentialAction\":[{\"@type\":\"CommentAction\",\"name\":\"Comment\",\"target\":[\"https:\\\/\\\/www.tailgatezone.com.br\\\/megafone\\\/megafone-2-representatividade-oportunidade-e-luta\\\/#respond\"]}]},{\"@type\":\"WebPage\",\"@id\":\"https:\\\/\\\/www.tailgatezone.com.br\\\/megafone\\\/megafone-2-representatividade-oportunidade-e-luta\\\/\",\"url\":\"https:\\\/\\\/www.tailgatezone.com.br\\\/megafone\\\/megafone-2-representatividade-oportunidade-e-luta\\\/\",\"name\":\"Megafone #2: representatividade, oportunidade e luta - tailgate zone\",\"isPartOf\":{\"@id\":\"https:\\\/\\\/www.tailgatezone.com.br\\\/#website\"},\"primaryImageOfPage\":{\"@id\":\"https:\\\/\\\/www.tailgatezone.com.br\\\/megafone\\\/megafone-2-representatividade-oportunidade-e-luta\\\/#primaryimage\"},\"image\":{\"@id\":\"https:\\\/\\\/www.tailgatezone.com.br\\\/megafone\\\/megafone-2-representatividade-oportunidade-e-luta\\\/#primaryimage\"},\"thumbnailUrl\":\"https:\\\/\\\/www.tailgatezone.com.br\\\/wp-content\\\/uploads\\\/2020\\\/06\\\/BANNER-megafone-2.jpg\",\"datePublished\":\"2020-06-21T15:15:49+00:00\",\"description\":\"Representatividade, oportunidade e luta. No megafone dessa semana, uma tailgater fala da import\u00e2ncia de cada uma delas, baseado em tudo que j\u00e1 viveu.\",\"breadcrumb\":{\"@id\":\"https:\\\/\\\/www.tailgatezone.com.br\\\/megafone\\\/megafone-2-representatividade-oportunidade-e-luta\\\/#breadcrumb\"},\"inLanguage\":\"en-US\",\"potentialAction\":[{\"@type\":\"ReadAction\",\"target\":[\"https:\\\/\\\/www.tailgatezone.com.br\\\/megafone\\\/megafone-2-representatividade-oportunidade-e-luta\\\/\"]}]},{\"@type\":\"ImageObject\",\"inLanguage\":\"en-US\",\"@id\":\"https:\\\/\\\/www.tailgatezone.com.br\\\/megafone\\\/megafone-2-representatividade-oportunidade-e-luta\\\/#primaryimage\",\"url\":\"https:\\\/\\\/www.tailgatezone.com.br\\\/wp-content\\\/uploads\\\/2020\\\/06\\\/BANNER-megafone-2.jpg\",\"contentUrl\":\"https:\\\/\\\/www.tailgatezone.com.br\\\/wp-content\\\/uploads\\\/2020\\\/06\\\/BANNER-megafone-2.jpg\",\"width\":1280,\"height\":720},{\"@type\":\"BreadcrumbList\",\"@id\":\"https:\\\/\\\/www.tailgatezone.com.br\\\/megafone\\\/megafone-2-representatividade-oportunidade-e-luta\\\/#breadcrumb\",\"itemListElement\":[{\"@type\":\"ListItem\",\"position\":1,\"name\":\"In\u00edcio\",\"item\":\"https:\\\/\\\/www.tailgatezone.com.br\\\/\"},{\"@type\":\"ListItem\",\"position\":2,\"name\":\"Megafone #2: representatividade, oportunidade e luta\"}]},{\"@type\":\"WebSite\",\"@id\":\"https:\\\/\\\/www.tailgatezone.com.br\\\/#website\",\"url\":\"https:\\\/\\\/www.tailgatezone.com.br\\\/\",\"name\":\"tailgate zone\",\"description\":\"um assunto s\u00e9rio tratado com muita esportividade\",\"publisher\":{\"@id\":\"https:\\\/\\\/www.tailgatezone.com.br\\\/#organization\"},\"potentialAction\":[{\"@type\":\"SearchAction\",\"target\":{\"@type\":\"EntryPoint\",\"urlTemplate\":\"https:\\\/\\\/www.tailgatezone.com.br\\\/?s={search_term_string}\"},\"query-input\":{\"@type\":\"PropertyValueSpecification\",\"valueRequired\":true,\"valueName\":\"search_term_string\"}}],\"inLanguage\":\"en-US\"},{\"@type\":\"Organization\",\"@id\":\"https:\\\/\\\/www.tailgatezone.com.br\\\/#organization\",\"name\":\"tailgate zone\",\"url\":\"https:\\\/\\\/www.tailgatezone.com.br\\\/\",\"logo\":{\"@type\":\"ImageObject\",\"inLanguage\":\"en-US\",\"@id\":\"https:\\\/\\\/www.tailgatezone.com.br\\\/#\\\/schema\\\/logo\\\/image\\\/\",\"url\":\"https:\\\/\\\/www.tailgatezone.com.br\\\/wp-content\\\/uploads\\\/2022\\\/09\\\/tailgatezone.png\",\"contentUrl\":\"https:\\\/\\\/www.tailgatezone.com.br\\\/wp-content\\\/uploads\\\/2022\\\/09\\\/tailgatezone.png\",\"width\":3894,\"height\":1500,\"caption\":\"tailgate zone\"},\"image\":{\"@id\":\"https:\\\/\\\/www.tailgatezone.com.br\\\/#\\\/schema\\\/logo\\\/image\\\/\"},\"sameAs\":[\"https:\\\/\\\/www.facebook.com\\\/tailgatezone\",\"https:\\\/\\\/x.com\\\/tailgatezone_br\",\"https:\\\/\\\/www.instagram.com\\\/tailgatezone\",\"https:\\\/\\\/youtube.com\\\/tailgatezonebr\"]},{\"@type\":\"Person\",\"@id\":\"https:\\\/\\\/www.tailgatezone.com.br\\\/#\\\/schema\\\/person\\\/210d46a904520491411c885b40bf9546\",\"name\":\"Fernando Franca\",\"image\":{\"@type\":\"ImageObject\",\"inLanguage\":\"en-US\",\"@id\":\"https:\\\/\\\/www.tailgatezone.com.br\\\/wp-content\\\/uploads\\\/2023\\\/01\\\/Fernandao-1024x1024.png\",\"url\":\"https:\\\/\\\/www.tailgatezone.com.br\\\/wp-content\\\/uploads\\\/2023\\\/01\\\/Fernandao-1024x1024.png\",\"contentUrl\":\"https:\\\/\\\/www.tailgatezone.com.br\\\/wp-content\\\/uploads\\\/2023\\\/01\\\/Fernandao-1024x1024.png\",\"caption\":\"Fernando Franca\"},\"description\":\"Cientista da informa\u00e7\u00e3o no hor\u00e1rio comercial. Apaixonado por Baseball e pelo Los Angeles Dodgers 24h\\\/dia. Acredito que, como disse Marx, o homem \u00e9 produto das circunst\u00e2ncias e que, por isso, \u00e9 preciso criar as circunst\u00e2ncias humanamente.\",\"url\":\"https:\\\/\\\/www.tailgatezone.com.br\\\/en\\\/author\\\/fernando\\\/\"}]}<\/script>\n<!-- \/ Yoast SEO plugin. -->","yoast_head_json":{"title":"Megafone #2: representatividade, oportunidade e luta - tailgate zone","description":"Representatividade, oportunidade e luta. No megafone dessa semana, uma tailgater fala da import\u00e2ncia de cada uma delas, baseado em tudo que j\u00e1 viveu.","robots":{"index":"index","follow":"follow","max-snippet":"max-snippet:-1","max-image-preview":"max-image-preview:large","max-video-preview":"max-video-preview:-1"},"canonical":"https:\/\/www.tailgatezone.com.br\/en\/megafone\/megafone-2-representatividade-oportunidade-e-luta\/","og_locale":"en_US","og_type":"article","og_title":"Megafone #2: representatividade, oportunidade e luta - tailgate zone","og_description":"Representatividade, oportunidade e luta. No megafone dessa semana, uma tailgater fala da import\u00e2ncia de cada uma delas, baseado em tudo que j\u00e1 viveu.","og_url":"https:\/\/www.tailgatezone.com.br\/en\/megafone\/megafone-2-representatividade-oportunidade-e-luta\/","og_site_name":"tailgate zone","article_publisher":"https:\/\/www.facebook.com\/tailgatezone","article_published_time":"2020-06-21T15:15:49+00:00","og_image":[{"width":1280,"height":720,"url":"https:\/\/www.tailgatezone.com.br\/wp-content\/uploads\/2020\/06\/BANNER-megafone-2.jpg","type":"image\/jpeg"}],"author":"Fernando Franca","twitter_card":"summary_large_image","twitter_creator":"@tailgatezone_br","twitter_site":"@tailgatezone_br","twitter_misc":{"Written by":"Fernando Franca","Est. reading time":"8 minutes"},"schema":{"@context":"https:\/\/schema.org","@graph":[{"@type":"Article","@id":"https:\/\/www.tailgatezone.com.br\/megafone\/megafone-2-representatividade-oportunidade-e-luta\/#article","isPartOf":{"@id":"https:\/\/www.tailgatezone.com.br\/megafone\/megafone-2-representatividade-oportunidade-e-luta\/"},"author":{"name":"Fernando Franca","@id":"https:\/\/www.tailgatezone.com.br\/#\/schema\/person\/210d46a904520491411c885b40bf9546"},"headline":"Megafone #2: representatividade, oportunidade e luta","datePublished":"2020-06-21T15:15:49+00:00","mainEntityOfPage":{"@id":"https:\/\/www.tailgatezone.com.br\/megafone\/megafone-2-representatividade-oportunidade-e-luta\/"},"wordCount":1506,"commentCount":0,"publisher":{"@id":"https:\/\/www.tailgatezone.com.br\/#organization"},"image":{"@id":"https:\/\/www.tailgatezone.com.br\/megafone\/megafone-2-representatividade-oportunidade-e-luta\/#primaryimage"},"thumbnailUrl":"https:\/\/www.tailgatezone.com.br\/wp-content\/uploads\/2020\/06\/BANNER-megafone-2.jpg","keywords":["#antirracismo","#blacklivesmatter","#lugardefala","#megafone","#racismonao","#tailgatezone","#vidas"],"articleSection":["Megafone"],"inLanguage":"en-US","potentialAction":[{"@type":"CommentAction","name":"Comment","target":["https:\/\/www.tailgatezone.com.br\/megafone\/megafone-2-representatividade-oportunidade-e-luta\/#respond"]}]},{"@type":"WebPage","@id":"https:\/\/www.tailgatezone.com.br\/megafone\/megafone-2-representatividade-oportunidade-e-luta\/","url":"https:\/\/www.tailgatezone.com.br\/megafone\/megafone-2-representatividade-oportunidade-e-luta\/","name":"Megafone #2: representatividade, oportunidade e luta - tailgate zone","isPartOf":{"@id":"https:\/\/www.tailgatezone.com.br\/#website"},"primaryImageOfPage":{"@id":"https:\/\/www.tailgatezone.com.br\/megafone\/megafone-2-representatividade-oportunidade-e-luta\/#primaryimage"},"image":{"@id":"https:\/\/www.tailgatezone.com.br\/megafone\/megafone-2-representatividade-oportunidade-e-luta\/#primaryimage"},"thumbnailUrl":"https:\/\/www.tailgatezone.com.br\/wp-content\/uploads\/2020\/06\/BANNER-megafone-2.jpg","datePublished":"2020-06-21T15:15:49+00:00","description":"Representatividade, oportunidade e luta. No megafone dessa semana, uma tailgater fala da import\u00e2ncia de cada uma delas, baseado em tudo que j\u00e1 viveu.","breadcrumb":{"@id":"https:\/\/www.tailgatezone.com.br\/megafone\/megafone-2-representatividade-oportunidade-e-luta\/#breadcrumb"},"inLanguage":"en-US","potentialAction":[{"@type":"ReadAction","target":["https:\/\/www.tailgatezone.com.br\/megafone\/megafone-2-representatividade-oportunidade-e-luta\/"]}]},{"@type":"ImageObject","inLanguage":"en-US","@id":"https:\/\/www.tailgatezone.com.br\/megafone\/megafone-2-representatividade-oportunidade-e-luta\/#primaryimage","url":"https:\/\/www.tailgatezone.com.br\/wp-content\/uploads\/2020\/06\/BANNER-megafone-2.jpg","contentUrl":"https:\/\/www.tailgatezone.com.br\/wp-content\/uploads\/2020\/06\/BANNER-megafone-2.jpg","width":1280,"height":720},{"@type":"BreadcrumbList","@id":"https:\/\/www.tailgatezone.com.br\/megafone\/megafone-2-representatividade-oportunidade-e-luta\/#breadcrumb","itemListElement":[{"@type":"ListItem","position":1,"name":"In\u00edcio","item":"https:\/\/www.tailgatezone.com.br\/"},{"@type":"ListItem","position":2,"name":"Megafone #2: representatividade, oportunidade e luta"}]},{"@type":"WebSite","@id":"https:\/\/www.tailgatezone.com.br\/#website","url":"https:\/\/www.tailgatezone.com.br\/","name":"tailgate zone","description":"omething as serious as the bottom of the ninth","publisher":{"@id":"https:\/\/www.tailgatezone.com.br\/#organization"},"potentialAction":[{"@type":"SearchAction","target":{"@type":"EntryPoint","urlTemplate":"https:\/\/www.tailgatezone.com.br\/?s={search_term_string}"},"query-input":{"@type":"PropertyValueSpecification","valueRequired":true,"valueName":"search_term_string"}}],"inLanguage":"en-US"},{"@type":"Organization","@id":"https:\/\/www.tailgatezone.com.br\/#organization","name":"tailgate zone","url":"https:\/\/www.tailgatezone.com.br\/","logo":{"@type":"ImageObject","inLanguage":"en-US","@id":"https:\/\/www.tailgatezone.com.br\/#\/schema\/logo\/image\/","url":"https:\/\/www.tailgatezone.com.br\/wp-content\/uploads\/2022\/09\/tailgatezone.png","contentUrl":"https:\/\/www.tailgatezone.com.br\/wp-content\/uploads\/2022\/09\/tailgatezone.png","width":3894,"height":1500,"caption":"tailgate zone"},"image":{"@id":"https:\/\/www.tailgatezone.com.br\/#\/schema\/logo\/image\/"},"sameAs":["https:\/\/www.facebook.com\/tailgatezone","https:\/\/x.com\/tailgatezone_br","https:\/\/www.instagram.com\/tailgatezone","https:\/\/youtube.com\/tailgatezonebr"]},{"@type":"Person","@id":"https:\/\/www.tailgatezone.com.br\/#\/schema\/person\/210d46a904520491411c885b40bf9546","name":"Fernando Franca","image":{"@type":"ImageObject","inLanguage":"en-US","@id":"https:\/\/www.tailgatezone.com.br\/wp-content\/uploads\/2023\/01\/Fernandao-1024x1024.png","url":"https:\/\/www.tailgatezone.com.br\/wp-content\/uploads\/2023\/01\/Fernandao-1024x1024.png","contentUrl":"https:\/\/www.tailgatezone.com.br\/wp-content\/uploads\/2023\/01\/Fernandao-1024x1024.png","caption":"Fernando Franca"},"description":"Cientista da informa\u00e7\u00e3o no hor\u00e1rio comercial. Apaixonado por Baseball e pelo Los Angeles Dodgers 24h\/dia. Acredito que, como disse Marx, o homem \u00e9 produto das circunst\u00e2ncias e que, por isso, \u00e9 preciso criar as circunst\u00e2ncias humanamente.","url":"https:\/\/www.tailgatezone.com.br\/en\/author\/fernando\/"}]}},"uagb_featured_image_src":{"full":["https:\/\/www.tailgatezone.com.br\/wp-content\/uploads\/2020\/06\/BANNER-megafone-2.jpg",1280,720,false],"thumbnail":["https:\/\/www.tailgatezone.com.br\/wp-content\/uploads\/2020\/06\/BANNER-megafone-2-150x150.jpg",150,150,true],"medium":["https:\/\/www.tailgatezone.com.br\/wp-content\/uploads\/2020\/06\/BANNER-megafone-2-300x169.jpg",300,169,true],"medium_large":["https:\/\/www.tailgatezone.com.br\/wp-content\/uploads\/2020\/06\/BANNER-megafone-2-768x432.jpg",768,432,true],"large":["https:\/\/www.tailgatezone.com.br\/wp-content\/uploads\/2020\/06\/BANNER-megafone-2-1024x576.jpg",1024,576,true],"1536x1536":["https:\/\/www.tailgatezone.com.br\/wp-content\/uploads\/2020\/06\/BANNER-megafone-2.jpg",1280,720,false],"2048x2048":["https:\/\/www.tailgatezone.com.br\/wp-content\/uploads\/2020\/06\/BANNER-megafone-2.jpg",1280,720,false],"trp-custom-language-flag":["https:\/\/www.tailgatezone.com.br\/wp-content\/uploads\/2020\/06\/BANNER-megafone-2.jpg",18,10,false],"ocean-thumb-m":["https:\/\/www.tailgatezone.com.br\/wp-content\/uploads\/2020\/06\/BANNER-megafone-2.jpg",600,338,false],"ocean-thumb-ml":["https:\/\/www.tailgatezone.com.br\/wp-content\/uploads\/2020\/06\/BANNER-megafone-2.jpg",800,450,false],"ocean-thumb-l":["https:\/\/www.tailgatezone.com.br\/wp-content\/uploads\/2020\/06\/BANNER-megafone-2.jpg",1200,675,false]},"uagb_author_info":{"display_name":"Fernando Franca","author_link":"https:\/\/www.tailgatezone.com.br\/en\/author\/fernando\/"},"uagb_comment_info":0,"uagb_excerpt":"Vanessa Campos, m\u00e3e, professora, pedagoga. Nascida em 2015 aos 31 anos, quando entendeu que poderia enfim virar a chave\u2026 Sou Vanessa, sou preta, 37 anos. Sinceramente creio que esse tem sido o tempo para aprender a n\u00e3o naturalizar atitudes discriminat\u00f3rias relativas \u00e0 minha pele. Atitudes essas oriundas da sociedade em geral, coletivo no qual incluo&hellip;","_links":{"self":[{"href":"https:\/\/www.tailgatezone.com.br\/en\/wp-json\/wp\/v2\/posts\/3110","targetHints":{"allow":["GET"]}}],"collection":[{"href":"https:\/\/www.tailgatezone.com.br\/en\/wp-json\/wp\/v2\/posts"}],"about":[{"href":"https:\/\/www.tailgatezone.com.br\/en\/wp-json\/wp\/v2\/types\/post"}],"author":[{"embeddable":true,"href":"https:\/\/www.tailgatezone.com.br\/en\/wp-json\/wp\/v2\/users\/5"}],"replies":[{"embeddable":true,"href":"https:\/\/www.tailgatezone.com.br\/en\/wp-json\/wp\/v2\/comments?post=3110"}],"version-history":[{"count":0,"href":"https:\/\/www.tailgatezone.com.br\/en\/wp-json\/wp\/v2\/posts\/3110\/revisions"}],"wp:featuredmedia":[{"embeddable":true,"href":"https:\/\/www.tailgatezone.com.br\/en\/wp-json\/wp\/v2\/media\/3204"}],"wp:attachment":[{"href":"https:\/\/www.tailgatezone.com.br\/en\/wp-json\/wp\/v2\/media?parent=3110"}],"wp:term":[{"taxonomy":"category","embeddable":true,"href":"https:\/\/www.tailgatezone.com.br\/en\/wp-json\/wp\/v2\/categories?post=3110"},{"taxonomy":"post_tag","embeddable":true,"href":"https:\/\/www.tailgatezone.com.br\/en\/wp-json\/wp\/v2\/tags?post=3110"}],"curies":[{"name":"wp","href":"https:\/\/api.w.org\/{rel}","templated":true}]}}